{"id":1963,"date":"2019-10-26T21:38:12","date_gmt":"2019-10-26T19:38:12","guid":{"rendered":"http:\/\/reginedatin.com\/?p=1963"},"modified":"2019-11-05T17:02:02","modified_gmt":"2019-11-05T15:02:02","slug":"empreinte-jardin-ephemere-nancy-2019","status":"publish","type":"post","link":"https:\/\/reginedatin.com\/index.php\/2019\/10\/26\/empreinte-jardin-ephemere-nancy-2019\/","title":{"rendered":"Empreinte &#8211; Jardin \u00c9ph\u00e9m\u00e8re Nancy 2019"},"content":{"rendered":"\n<p><\/p>\n\n\n\n<p class=\"has-drop-cap\"> <strong>F<\/strong>l\u00e2nerie et pause Place Stanislas. Nouvelle \u00e9dition du Jardin \u00c9ph\u00e9m\u00e8re \u00e0 Nancy. Il y pose, cette ann\u00e9e, son \u00ab\u00a0Empreinte\u00a0\u00bb du 28 septembre au 3 novembre, pour sa 16\u00e8me saison.  R\u00e9alisation des jardiniers de la ville, il explore, aux pieds du bon roi Stanislas, les rapports entre la Nature et l&rsquo;Homme, et la responsabilisation de ce dernier au d\u00e9but de ce si\u00e8cle. Laissez vos pas vous porter et vous guider au c\u0153ur de la ligne de vie et, des 5 doigts de Nature de ce \u00ab\u00a0Jardin-main\u00a0\u00bb. <\/p>\n\n\n\n<p><\/p>\n\n\n\n<p><\/p>\n","protected":false},"excerpt":{"rendered":"<p>Fl\u00e2nerie et pause Place Stanislas. Nouvelle \u00e9dition du Jardin \u00c9ph\u00e9m\u00e8re \u00e0 Nancy. Il y pose, cette ann\u00e9e, son \u00ab\u00a0Empreinte\u00a0\u00bb du 28 septembre au 3 novembre, pour sa 16\u00e8me saison. R\u00e9alisation des jardiniers de la ville, il explore, aux pieds du bon roi Stanislas, les rapports entre la Nature et l&rsquo;Homme, et la responsabilisation de ce dernier au d\u00e9but de ce si\u00e8cle. Laissez vos pas vous porter et vous guider au c\u0153ur de la ligne de vie et, des 5 doigts [&hellip;]<\/p>\n","protected":false},"author":1,"featured_media":1978,"comment_status":"open","ping_status":"open","sticky":false,"template":"","format":"gallery","meta":{"footnotes":""},"categories":[26],"tags":[],"class_list":["post-1963","post","type-post","status-publish","format-gallery","has-post-thumbnail","hentry","category-actualites","post_format-post-format-gallery"],"yoast_head":"<!-- This site is optimized with the Yoast SEO plugin v27.5 - https:\/\/yoast.com\/product\/yoast-seo-wordpress\/ -->\n<title>Empreinte - Jardin \u00c9ph\u00e9m\u00e8re Nancy 2019 &#171; R\u00e9gine Datin Photographie<\/title>\n<meta name=\"robots\" content=\"index, follow, max-snippet:-1, max-image-preview:large, max-video-preview:-1\" \/>\n<link rel=\"canonical\" href=\"https:\/\/reginedatin.com\/index.php\/2019\/10\/26\/empreinte-jardin-ephemere-nancy-2019\/\" \/>\n<meta property=\"og:locale\" content=\"fr_FR\" \/>\n<meta property=\"og:type\" content=\"article\" \/>\n<meta property=\"og:title\" content=\"Empreinte - Jardin \u00c9ph\u00e9m\u00e8re Nancy 2019 &#171; R\u00e9gine Datin Photographie\" \/>\n<meta property=\"og:description\" content=\"Fl\u00e2nerie et pause Place Stanislas. Nouvelle \u00e9dition du Jardin \u00c9ph\u00e9m\u00e8re \u00e0 Nancy. Il y pose, cette ann\u00e9e, son \u00ab\u00a0Empreinte\u00a0\u00bb du 28 septembre au 3 novembre, pour sa 16\u00e8me saison. R\u00e9alisation des jardiniers de la ville, il explore, aux pieds du bon roi Stanislas, les rapports entre la Nature et l&rsquo;Homme, et la responsabilisation de ce dernier au d\u00e9but de ce si\u00e8cle. Laissez vos pas vous porter et vous guider au c\u0153ur de la ligne de vie et, des 5 doigts [&hellip;]\" \/>\n<meta property=\"og:url\" content=\"https:\/\/reginedatin.com\/index.php\/2019\/10\/26\/empreinte-jardin-ephemere-nancy-2019\/\" \/>\n<meta property=\"og:site_name\" content=\"R\u00e9gine Datin Photographie\" \/>\n<meta property=\"article:publisher\" content=\"https:\/\/www.facebook.com\/reginedatinphotographie\/\" \/>\n<meta property=\"article:published_time\" content=\"2019-10-26T19:38:12+00:00\" \/>\n<meta property=\"article:modified_time\" content=\"2019-11-05T15:02:02+00:00\" \/>\n<meta property=\"og:image\" content=\"https:\/\/reginedatin.com\/wp-content\/uploads\/2019\/10\/Jardins-Eph\u00e9m\u00e8res-Empreinte-2019-1400px-8896.jpg\" \/>\n\t<meta property=\"og:image:width\" content=\"1399\" \/>\n\t<meta property=\"og:image:height\" content=\"934\" \/>\n\t<meta property=\"og:image:type\" content=\"image\/jpeg\" \/>\n<meta name=\"author\" content=\"R\u00e9gine\" \/>\n<meta name=\"twitter:card\" content=\"summary_large_image\" \/>\n<meta name=\"twitter:label1\" content=\"\u00c9crit par\" \/>\n\t<meta name=\"twitter:data1\" content=\"R\u00e9gine\" \/>\n<script type=\"application\/ld+json\" class=\"yoast-schema-graph\">{\"@context\":\"https:\\\/\\\/schema.org\",\"@graph\":[{\"@type\":\"Article\",\"@id\":\"https:\\\/\\\/reginedatin.com\\\/index.php\\\/2019\\\/10\\\/26\\\/empreinte-jardin-ephemere-nancy-2019\\\/#article\",\"isPartOf\":{\"@id\":\"https:\\\/\\\/reginedatin.com\\\/index.php\\\/2019\\\/10\\\/26\\\/empreinte-jardin-ephemere-nancy-2019\\\/\"},\"author\":{\"name\":\"R\u00e9gine\",\"@id\":\"https:\\\/\\\/reginedatin.com\\\/#\\\/schema\\\/person\\\/b66ac0eb09a551897d6a6482ea860525\"},\"headline\":\"Empreinte &#8211; Jardin \u00c9ph\u00e9m\u00e8re Nancy 2019\",\"datePublished\":\"2019-10-26T19:38:12+00:00\",\"dateModified\":\"2019-11-05T15:02:02+00:00\",\"mainEntityOfPage\":{\"@id\":\"https:\\\/\\\/reginedatin.com\\\/index.php\\\/2019\\\/10\\\/26\\\/empreinte-jardin-ephemere-nancy-2019\\\/\"},\"wordCount\":96,\"commentCount\":0,\"image\":{\"@id\":\"https:\\\/\\\/reginedatin.com\\\/index.php\\\/2019\\\/10\\\/26\\\/empreinte-jardin-ephemere-nancy-2019\\\/#primaryimage\"},\"thumbnailUrl\":\"https:\\\/\\\/reginedatin.com\\\/wp-content\\\/uploads\\\/2019\\\/10\\\/Jardins-Eph\u00e9m\u00e8res-Empreinte-2019-1400px-8896.jpg\",\"articleSection\":[\"Actualit\u00e9s\"],\"inLanguage\":\"fr-FR\",\"potentialAction\":[{\"@type\":\"CommentAction\",\"name\":\"Comment\",\"target\":[\"https:\\\/\\\/reginedatin.com\\\/index.php\\\/2019\\\/10\\\/26\\\/empreinte-jardin-ephemere-nancy-2019\\\/#respond\"]}]},{\"@type\":\"WebPage\",\"@id\":\"https:\\\/\\\/reginedatin.com\\\/index.php\\\/2019\\\/10\\\/26\\\/empreinte-jardin-ephemere-nancy-2019\\\/\",\"url\":\"https:\\\/\\\/reginedatin.com\\\/index.php\\\/2019\\\/10\\\/26\\\/empreinte-jardin-ephemere-nancy-2019\\\/\",\"name\":\"Empreinte - Jardin \u00c9ph\u00e9m\u00e8re Nancy 2019 &#171; R\u00e9gine Datin Photographie\",\"isPartOf\":{\"@id\":\"https:\\\/\\\/reginedatin.com\\\/#website\"},\"primaryImageOfPage\":{\"@id\":\"https:\\\/\\\/reginedatin.com\\\/index.php\\\/2019\\\/10\\\/26\\\/empreinte-jardin-ephemere-nancy-2019\\\/#primaryimage\"},\"image\":{\"@id\":\"https:\\\/\\\/reginedatin.com\\\/index.php\\\/2019\\\/10\\\/26\\\/empreinte-jardin-ephemere-nancy-2019\\\/#primaryimage\"},\"thumbnailUrl\":\"https:\\\/\\\/reginedatin.com\\\/wp-content\\\/uploads\\\/2019\\\/10\\\/Jardins-Eph\u00e9m\u00e8res-Empreinte-2019-1400px-8896.jpg\",\"datePublished\":\"2019-10-26T19:38:12+00:00\",\"dateModified\":\"2019-11-05T15:02:02+00:00\",\"author\":{\"@id\":\"https:\\\/\\\/reginedatin.com\\\/#\\\/schema\\\/person\\\/b66ac0eb09a551897d6a6482ea860525\"},\"breadcrumb\":{\"@id\":\"https:\\\/\\\/reginedatin.com\\\/index.php\\\/2019\\\/10\\\/26\\\/empreinte-jardin-ephemere-nancy-2019\\\/#breadcrumb\"},\"inLanguage\":\"fr-FR\",\"potentialAction\":[{\"@type\":\"ReadAction\",\"target\":[\"https:\\\/\\\/reginedatin.com\\\/index.php\\\/2019\\\/10\\\/26\\\/empreinte-jardin-ephemere-nancy-2019\\\/\"]}]},{\"@type\":\"ImageObject\",\"inLanguage\":\"fr-FR\",\"@id\":\"https:\\\/\\\/reginedatin.com\\\/index.php\\\/2019\\\/10\\\/26\\\/empreinte-jardin-ephemere-nancy-2019\\\/#primaryimage\",\"url\":\"https:\\\/\\\/reginedatin.com\\\/wp-content\\\/uploads\\\/2019\\\/10\\\/Jardins-Eph\u00e9m\u00e8res-Empreinte-2019-1400px-8896.jpg\",\"contentUrl\":\"https:\\\/\\\/reginedatin.com\\\/wp-content\\\/uploads\\\/2019\\\/10\\\/Jardins-Eph\u00e9m\u00e8res-Empreinte-2019-1400px-8896.jpg\",\"width\":1399,\"height\":934,\"caption\":\"Jardins Eph\u00e9m\u00e8res-Empreinte-2019 1400px-8896\"},{\"@type\":\"BreadcrumbList\",\"@id\":\"https:\\\/\\\/reginedatin.com\\\/index.php\\\/2019\\\/10\\\/26\\\/empreinte-jardin-ephemere-nancy-2019\\\/#breadcrumb\",\"itemListElement\":[{\"@type\":\"ListItem\",\"position\":1,\"name\":\"Accueil\",\"item\":\"https:\\\/\\\/reginedatin.com\\\/\"},{\"@type\":\"ListItem\",\"position\":2,\"name\":\"Empreinte &#8211; Jardin \u00c9ph\u00e9m\u00e8re Nancy 2019\"}]},{\"@type\":\"WebSite\",\"@id\":\"https:\\\/\\\/reginedatin.com\\\/#website\",\"url\":\"https:\\\/\\\/reginedatin.com\\\/\",\"name\":\"R\u00e9gine Datin Photographie\",\"description\":\"Empreinte d&#039;une heure, d&#039;un jour...\",\"potentialAction\":[{\"@type\":\"SearchAction\",\"target\":{\"@type\":\"EntryPoint\",\"urlTemplate\":\"https:\\\/\\\/reginedatin.com\\\/?s={search_term_string}\"},\"query-input\":{\"@type\":\"PropertyValueSpecification\",\"valueRequired\":true,\"valueName\":\"search_term_string\"}}],\"inLanguage\":\"fr-FR\"},{\"@type\":\"Person\",\"@id\":\"https:\\\/\\\/reginedatin.com\\\/#\\\/schema\\\/person\\\/b66ac0eb09a551897d6a6482ea860525\",\"name\":\"R\u00e9gine\",\"image\":{\"@type\":\"ImageObject\",\"inLanguage\":\"fr-FR\",\"@id\":\"https:\\\/\\\/secure.gravatar.com\\\/avatar\\\/1b3cd8fdc6d62cf332d2525ea039d3251625565928435a5a8ca996605310310a?s=96&d=mm&r=g\",\"url\":\"https:\\\/\\\/secure.gravatar.com\\\/avatar\\\/1b3cd8fdc6d62cf332d2525ea039d3251625565928435a5a8ca996605310310a?s=96&d=mm&r=g\",\"contentUrl\":\"https:\\\/\\\/secure.gravatar.com\\\/avatar\\\/1b3cd8fdc6d62cf332d2525ea039d3251625565928435a5a8ca996605310310a?s=96&d=mm&r=g\",\"caption\":\"R\u00e9gine\"},\"sameAs\":[\"http:\\\/\\\/www.reginedatin.com\"]}]}<\/script>\n<!-- \/ Yoast SEO plugin. -->","yoast_head_json":{"title":"Empreinte - Jardin \u00c9ph\u00e9m\u00e8re Nancy 2019 &#171; R\u00e9gine Datin Photographie","robots":{"index":"index","follow":"follow","max-snippet":"max-snippet:-1","max-image-preview":"max-image-preview:large","max-video-preview":"max-video-preview:-1"},"canonical":"https:\/\/reginedatin.com\/index.php\/2019\/10\/26\/empreinte-jardin-ephemere-nancy-2019\/","og_locale":"fr_FR","og_type":"article","og_title":"Empreinte - Jardin \u00c9ph\u00e9m\u00e8re Nancy 2019 &#171; R\u00e9gine Datin Photographie","og_description":"Fl\u00e2nerie et pause Place Stanislas. Nouvelle \u00e9dition du Jardin \u00c9ph\u00e9m\u00e8re \u00e0 Nancy. Il y pose, cette ann\u00e9e, son \u00ab\u00a0Empreinte\u00a0\u00bb du 28 septembre au 3 novembre, pour sa 16\u00e8me saison. R\u00e9alisation des jardiniers de la ville, il explore, aux pieds du bon roi Stanislas, les rapports entre la Nature et l&rsquo;Homme, et la responsabilisation de ce dernier au d\u00e9but de ce si\u00e8cle. Laissez vos pas vous porter et vous guider au c\u0153ur de la ligne de vie et, des 5 doigts [&hellip;]","og_url":"https:\/\/reginedatin.com\/index.php\/2019\/10\/26\/empreinte-jardin-ephemere-nancy-2019\/","og_site_name":"R\u00e9gine Datin Photographie","article_publisher":"https:\/\/www.facebook.com\/reginedatinphotographie\/","article_published_time":"2019-10-26T19:38:12+00:00","article_modified_time":"2019-11-05T15:02:02+00:00","og_image":[{"width":1399,"height":934,"url":"https:\/\/reginedatin.com\/wp-content\/uploads\/2019\/10\/Jardins-Eph\u00e9m\u00e8res-Empreinte-2019-1400px-8896.jpg","type":"image\/jpeg"}],"author":"R\u00e9gine","twitter_card":"summary_large_image","twitter_misc":{"\u00c9crit par":"R\u00e9gine"},"schema":{"@context":"https:\/\/schema.org","@graph":[{"@type":"Article","@id":"https:\/\/reginedatin.com\/index.php\/2019\/10\/26\/empreinte-jardin-ephemere-nancy-2019\/#article","isPartOf":{"@id":"https:\/\/reginedatin.com\/index.php\/2019\/10\/26\/empreinte-jardin-ephemere-nancy-2019\/"},"author":{"name":"R\u00e9gine","@id":"https:\/\/reginedatin.com\/#\/schema\/person\/b66ac0eb09a551897d6a6482ea860525"},"headline":"Empreinte &#8211; Jardin \u00c9ph\u00e9m\u00e8re Nancy 2019","datePublished":"2019-10-26T19:38:12+00:00","dateModified":"2019-11-05T15:02:02+00:00","mainEntityOfPage":{"@id":"https:\/\/reginedatin.com\/index.php\/2019\/10\/26\/empreinte-jardin-ephemere-nancy-2019\/"},"wordCount":96,"commentCount":0,"image":{"@id":"https:\/\/reginedatin.com\/index.php\/2019\/10\/26\/empreinte-jardin-ephemere-nancy-2019\/#primaryimage"},"thumbnailUrl":"https:\/\/reginedatin.com\/wp-content\/uploads\/2019\/10\/Jardins-Eph\u00e9m\u00e8res-Empreinte-2019-1400px-8896.jpg","articleSection":["Actualit\u00e9s"],"inLanguage":"fr-FR","potentialAction":[{"@type":"CommentAction","name":"Comment","target":["https:\/\/reginedatin.com\/index.php\/2019\/10\/26\/empreinte-jardin-ephemere-nancy-2019\/#respond"]}]},{"@type":"WebPage","@id":"https:\/\/reginedatin.com\/index.php\/2019\/10\/26\/empreinte-jardin-ephemere-nancy-2019\/","url":"https:\/\/reginedatin.com\/index.php\/2019\/10\/26\/empreinte-jardin-ephemere-nancy-2019\/","name":"Empreinte - Jardin \u00c9ph\u00e9m\u00e8re Nancy 2019 &#171; R\u00e9gine Datin Photographie","isPartOf":{"@id":"https:\/\/reginedatin.com\/#website"},"primaryImageOfPage":{"@id":"https:\/\/reginedatin.com\/index.php\/2019\/10\/26\/empreinte-jardin-ephemere-nancy-2019\/#primaryimage"},"image":{"@id":"https:\/\/reginedatin.com\/index.php\/2019\/10\/26\/empreinte-jardin-ephemere-nancy-2019\/#primaryimage"},"thumbnailUrl":"https:\/\/reginedatin.com\/wp-content\/uploads\/2019\/10\/Jardins-Eph\u00e9m\u00e8res-Empreinte-2019-1400px-8896.jpg","datePublished":"2019-10-26T19:38:12+00:00","dateModified":"2019-11-05T15:02:02+00:00","author":{"@id":"https:\/\/reginedatin.com\/#\/schema\/person\/b66ac0eb09a551897d6a6482ea860525"},"breadcrumb":{"@id":"https:\/\/reginedatin.com\/index.php\/2019\/10\/26\/empreinte-jardin-ephemere-nancy-2019\/#breadcrumb"},"inLanguage":"fr-FR","potentialAction":[{"@type":"ReadAction","target":["https:\/\/reginedatin.com\/index.php\/2019\/10\/26\/empreinte-jardin-ephemere-nancy-2019\/"]}]},{"@type":"ImageObject","inLanguage":"fr-FR","@id":"https:\/\/reginedatin.com\/index.php\/2019\/10\/26\/empreinte-jardin-ephemere-nancy-2019\/#primaryimage","url":"https:\/\/reginedatin.com\/wp-content\/uploads\/2019\/10\/Jardins-Eph\u00e9m\u00e8res-Empreinte-2019-1400px-8896.jpg","contentUrl":"https:\/\/reginedatin.com\/wp-content\/uploads\/2019\/10\/Jardins-Eph\u00e9m\u00e8res-Empreinte-2019-1400px-8896.jpg","width":1399,"height":934,"caption":"Jardins Eph\u00e9m\u00e8res-Empreinte-2019 1400px-8896"},{"@type":"BreadcrumbList","@id":"https:\/\/reginedatin.com\/index.php\/2019\/10\/26\/empreinte-jardin-ephemere-nancy-2019\/#breadcrumb","itemListElement":[{"@type":"ListItem","position":1,"name":"Accueil","item":"https:\/\/reginedatin.com\/"},{"@type":"ListItem","position":2,"name":"Empreinte &#8211; Jardin \u00c9ph\u00e9m\u00e8re Nancy 2019"}]},{"@type":"WebSite","@id":"https:\/\/reginedatin.com\/#website","url":"https:\/\/reginedatin.com\/","name":"R\u00e9gine Datin Photographie","description":"Empreinte d&#039;une heure, d&#039;un jour...","potentialAction":[{"@type":"SearchAction","target":{"@type":"EntryPoint","urlTemplate":"https:\/\/reginedatin.com\/?s={search_term_string}"},"query-input":{"@type":"PropertyValueSpecification","valueRequired":true,"valueName":"search_term_string"}}],"inLanguage":"fr-FR"},{"@type":"Person","@id":"https:\/\/reginedatin.com\/#\/schema\/person\/b66ac0eb09a551897d6a6482ea860525","name":"R\u00e9gine","image":{"@type":"ImageObject","inLanguage":"fr-FR","@id":"https:\/\/secure.gravatar.com\/avatar\/1b3cd8fdc6d62cf332d2525ea039d3251625565928435a5a8ca996605310310a?s=96&d=mm&r=g","url":"https:\/\/secure.gravatar.com\/avatar\/1b3cd8fdc6d62cf332d2525ea039d3251625565928435a5a8ca996605310310a?s=96&d=mm&r=g","contentUrl":"https:\/\/secure.gravatar.com\/avatar\/1b3cd8fdc6d62cf332d2525ea039d3251625565928435a5a8ca996605310310a?s=96&d=mm&r=g","caption":"R\u00e9gine"},"sameAs":["http:\/\/www.reginedatin.com"]}]}},"_links":{"self":[{"href":"https:\/\/reginedatin.com\/index.php\/wp-json\/wp\/v2\/posts\/1963","targetHints":{"allow":["GET"]}}],"collection":[{"href":"https:\/\/reginedatin.com\/index.php\/wp-json\/wp\/v2\/posts"}],"about":[{"href":"https:\/\/reginedatin.com\/index.php\/wp-json\/wp\/v2\/types\/post"}],"author":[{"embeddable":true,"href":"https:\/\/reginedatin.com\/index.php\/wp-json\/wp\/v2\/users\/1"}],"replies":[{"embeddable":true,"href":"https:\/\/reginedatin.com\/index.php\/wp-json\/wp\/v2\/comments?post=1963"}],"version-history":[{"count":13,"href":"https:\/\/reginedatin.com\/index.php\/wp-json\/wp\/v2\/posts\/1963\/revisions"}],"predecessor-version":[{"id":2010,"href":"https:\/\/reginedatin.com\/index.php\/wp-json\/wp\/v2\/posts\/1963\/revisions\/2010"}],"wp:featuredmedia":[{"embeddable":true,"href":"https:\/\/reginedatin.com\/index.php\/wp-json\/wp\/v2\/media\/1978"}],"wp:attachment":[{"href":"https:\/\/reginedatin.com\/index.php\/wp-json\/wp\/v2\/media?parent=1963"}],"wp:term":[{"taxonomy":"category","embeddable":true,"href":"https:\/\/reginedatin.com\/index.php\/wp-json\/wp\/v2\/categories?post=1963"},{"taxonomy":"post_tag","embeddable":true,"href":"https:\/\/reginedatin.com\/index.php\/wp-json\/wp\/v2\/tags?post=1963"}],"curies":[{"name":"wp","href":"https:\/\/api.w.org\/{rel}","templated":true}]}}