{"id":2272,"date":"2016-01-02T18:04:24","date_gmt":"2016-01-02T16:04:24","guid":{"rendered":"http:\/\/reginedatin.com\/?p=2272"},"modified":"2021-09-21T22:03:21","modified_gmt":"2021-09-21T20:03:21","slug":"timbre-postal-porterie-du-palais-ducal-nancy","status":"publish","type":"post","link":"https:\/\/reginedatin.com\/index.php\/2016\/01\/02\/timbre-postal-porterie-du-palais-ducal-nancy\/","title":{"rendered":"Timbre postal, Porterie du Palais Ducal &#8211; Nancy"},"content":{"rendered":"<p>En 2013, la ville de Nancy c\u00e9l\u00e8bre la Renaissance.<\/p>\n<p>Projecteur sur un h\u00e9ritage exceptionnel qui place l&rsquo;ann\u00e9e touristique sous le signe de ce mouvement architectural du XVI\u00e8me si\u00e8cle.<\/p>\n<p><span style=\"font-size: 14.4px;\">La St\u00e9 La Poste souhaite lancer un collector de 10 timbres autocollants sur le th\u00e8me de la Renaissance, et dans le cadre de sa cr\u00e9ation, me <\/span>s\u00e9lectionne<span style=\"font-size: 14.4px;\"> (par le biais de ma collaboration photographique avec l&rsquo;OT) pour la publication d&rsquo;un visuel &#8211; La Porterie du Palais Ducal &#8211; r\u00e9alis\u00e9 lors d&rsquo;un reportage au Mus\u00e9e Lorrain.<\/span><\/p>\n<p>La statue \u00e9questre du Duc Antoine, devient donc un timbre qui sillonnera les contr\u00e9es et les \u00e9poques&#8230;pour la post\u00e9rit\u00e9 ! \ud83d\ude00 \ud83d\ude00<\/p>\n<p>Ce fut un privil\u00e8ge&#8230; \ud83d\ude42<\/p>\n<p><img fetchpriority=\"high\" decoding=\"async\" width=\"1400\" height=\"1120\" class=\"aligncenter size-full wp-image-2266\" src=\"https:\/\/reginedatin.com\/wp-content\/uploads\/2021\/01\/Timbres-Renaissance-2013-La-Poste-1400px-0024.jpg\" alt=\"\" srcset=\"https:\/\/reginedatin.com\/wp-content\/uploads\/2021\/01\/Timbres-Renaissance-2013-La-Poste-1400px-0024.jpg 1400w, https:\/\/reginedatin.com\/wp-content\/uploads\/2021\/01\/Timbres-Renaissance-2013-La-Poste-1400px-0024-300x240.jpg 300w, https:\/\/reginedatin.com\/wp-content\/uploads\/2021\/01\/Timbres-Renaissance-2013-La-Poste-1400px-0024-1024x819.jpg 1024w, https:\/\/reginedatin.com\/wp-content\/uploads\/2021\/01\/Timbres-Renaissance-2013-La-Poste-1400px-0024-768x614.jpg 768w, https:\/\/reginedatin.com\/wp-content\/uploads\/2021\/01\/Timbres-Renaissance-2013-La-Poste-1400px-0024-1310x1048.jpg 1310w, https:\/\/reginedatin.com\/wp-content\/uploads\/2021\/01\/Timbres-Renaissance-2013-La-Poste-1400px-0024-800x640.jpg 800w\" sizes=\"(max-width: 1400px) 100vw, 1400px\" \/><\/p>\n<p><img decoding=\"async\" width=\"1399\" height=\"934\" class=\"aligncenter size-full wp-image-2265\" src=\"https:\/\/reginedatin.com\/wp-content\/uploads\/2021\/01\/Timbres-Renaissance-2013-La-Poste-1400px-0018.jpg\" alt=\"Timbres Renaissance 2013 La Poste 1400px-0018\" srcset=\"https:\/\/reginedatin.com\/wp-content\/uploads\/2021\/01\/Timbres-Renaissance-2013-La-Poste-1400px-0018.jpg 1399w, https:\/\/reginedatin.com\/wp-content\/uploads\/2021\/01\/Timbres-Renaissance-2013-La-Poste-1400px-0018-300x200.jpg 300w, https:\/\/reginedatin.com\/wp-content\/uploads\/2021\/01\/Timbres-Renaissance-2013-La-Poste-1400px-0018-1024x684.jpg 1024w, https:\/\/reginedatin.com\/wp-content\/uploads\/2021\/01\/Timbres-Renaissance-2013-La-Poste-1400px-0018-768x513.jpg 768w, https:\/\/reginedatin.com\/wp-content\/uploads\/2021\/01\/Timbres-Renaissance-2013-La-Poste-1400px-0018-1310x875.jpg 1310w, https:\/\/reginedatin.com\/wp-content\/uploads\/2021\/01\/Timbres-Renaissance-2013-La-Poste-1400px-0018-800x534.jpg 800w\" sizes=\"(max-width: 1399px) 100vw, 1399px\" \/><\/p>\n","protected":false},"excerpt":{"rendered":"<p>En 2013, la ville de Nancy c\u00e9l\u00e8bre la Renaissance. Projecteur sur un h\u00e9ritage exceptionnel qui place l&rsquo;ann\u00e9e touristique sous le signe de ce mouvement architectural du XVI\u00e8me si\u00e8cle. La St\u00e9 La Poste souhaite lancer un collector de 10 timbres autocollants sur le th\u00e8me de la Renaissance, et dans le cadre de sa cr\u00e9ation, me s\u00e9lectionne (par le biais de ma collaboration photographique avec l&rsquo;OT) pour la publication d&rsquo;un visuel &#8211; La Porterie du Palais Ducal &#8211; r\u00e9alis\u00e9 lors d&rsquo;un reportage [&hellip;]<\/p>\n","protected":false},"author":1,"featured_media":2265,"comment_status":"open","ping_status":"open","sticky":false,"template":"","format":"image","meta":{"footnotes":""},"categories":[24],"tags":[],"class_list":["post-2272","post","type-post","status-publish","format-image","has-post-thumbnail","hentry","category-publications","post_format-post-format-image"],"yoast_head":"<!-- This site is optimized with the Yoast SEO plugin v27.5 - https:\/\/yoast.com\/product\/yoast-seo-wordpress\/ -->\n<title>Timbre postal, Porterie du Palais Ducal - Nancy &#171; R\u00e9gine Datin Photographie<\/title>\n<meta name=\"robots\" content=\"index, follow, max-snippet:-1, max-image-preview:large, max-video-preview:-1\" \/>\n<link rel=\"canonical\" href=\"https:\/\/reginedatin.com\/index.php\/2016\/01\/02\/timbre-postal-porterie-du-palais-ducal-nancy\/\" \/>\n<meta property=\"og:locale\" content=\"fr_FR\" \/>\n<meta property=\"og:type\" content=\"article\" \/>\n<meta property=\"og:title\" content=\"Timbre postal, Porterie du Palais Ducal - Nancy &#171; R\u00e9gine Datin Photographie\" \/>\n<meta property=\"og:description\" content=\"En 2013, la ville de Nancy c\u00e9l\u00e8bre la Renaissance. Projecteur sur un h\u00e9ritage exceptionnel qui place l&rsquo;ann\u00e9e touristique sous le signe de ce mouvement architectural du XVI\u00e8me si\u00e8cle. La St\u00e9 La Poste souhaite lancer un collector de 10 timbres autocollants sur le th\u00e8me de la Renaissance, et dans le cadre de sa cr\u00e9ation, me s\u00e9lectionne (par le biais de ma collaboration photographique avec l&rsquo;OT) pour la publication d&rsquo;un visuel &#8211; La Porterie du Palais Ducal &#8211; r\u00e9alis\u00e9 lors d&rsquo;un reportage [&hellip;]\" \/>\n<meta property=\"og:url\" content=\"https:\/\/reginedatin.com\/index.php\/2016\/01\/02\/timbre-postal-porterie-du-palais-ducal-nancy\/\" \/>\n<meta property=\"og:site_name\" content=\"R\u00e9gine Datin Photographie\" \/>\n<meta property=\"article:publisher\" content=\"https:\/\/www.facebook.com\/reginedatinphotographie\/\" \/>\n<meta property=\"article:published_time\" content=\"2016-01-02T16:04:24+00:00\" \/>\n<meta property=\"article:modified_time\" content=\"2021-09-21T20:03:21+00:00\" \/>\n<meta property=\"og:image\" content=\"https:\/\/reginedatin.com\/wp-content\/uploads\/2021\/01\/Timbres-Renaissance-2013-La-Poste-1400px-0018.jpg\" \/>\n\t<meta property=\"og:image:width\" content=\"1399\" \/>\n\t<meta property=\"og:image:height\" content=\"934\" \/>\n\t<meta property=\"og:image:type\" content=\"image\/jpeg\" \/>\n<meta name=\"author\" content=\"R\u00e9gine\" \/>\n<meta name=\"twitter:card\" content=\"summary_large_image\" \/>\n<meta name=\"twitter:label1\" content=\"\u00c9crit par\" \/>\n\t<meta name=\"twitter:data1\" content=\"R\u00e9gine\" \/>\n\t<meta name=\"twitter:label2\" content=\"Dur\u00e9e de lecture estim\u00e9e\" \/>\n\t<meta name=\"twitter:data2\" content=\"1 minute\" \/>\n<script type=\"application\/ld+json\" class=\"yoast-schema-graph\">{\"@context\":\"https:\\\/\\\/schema.org\",\"@graph\":[{\"@type\":\"Article\",\"@id\":\"https:\\\/\\\/reginedatin.com\\\/index.php\\\/2016\\\/01\\\/02\\\/timbre-postal-porterie-du-palais-ducal-nancy\\\/#article\",\"isPartOf\":{\"@id\":\"https:\\\/\\\/reginedatin.com\\\/index.php\\\/2016\\\/01\\\/02\\\/timbre-postal-porterie-du-palais-ducal-nancy\\\/\"},\"author\":{\"name\":\"R\u00e9gine\",\"@id\":\"https:\\\/\\\/reginedatin.com\\\/#\\\/schema\\\/person\\\/b66ac0eb09a551897d6a6482ea860525\"},\"headline\":\"Timbre postal, Porterie du Palais Ducal &#8211; Nancy\",\"datePublished\":\"2016-01-02T16:04:24+00:00\",\"dateModified\":\"2021-09-21T20:03:21+00:00\",\"mainEntityOfPage\":{\"@id\":\"https:\\\/\\\/reginedatin.com\\\/index.php\\\/2016\\\/01\\\/02\\\/timbre-postal-porterie-du-palais-ducal-nancy\\\/\"},\"wordCount\":130,\"commentCount\":0,\"image\":{\"@id\":\"https:\\\/\\\/reginedatin.com\\\/index.php\\\/2016\\\/01\\\/02\\\/timbre-postal-porterie-du-palais-ducal-nancy\\\/#primaryimage\"},\"thumbnailUrl\":\"https:\\\/\\\/reginedatin.com\\\/wp-content\\\/uploads\\\/2021\\\/01\\\/Timbres-Renaissance-2013-La-Poste-1400px-0018.jpg\",\"articleSection\":[\"Publications\"],\"inLanguage\":\"fr-FR\",\"potentialAction\":[{\"@type\":\"CommentAction\",\"name\":\"Comment\",\"target\":[\"https:\\\/\\\/reginedatin.com\\\/index.php\\\/2016\\\/01\\\/02\\\/timbre-postal-porterie-du-palais-ducal-nancy\\\/#respond\"]}]},{\"@type\":\"WebPage\",\"@id\":\"https:\\\/\\\/reginedatin.com\\\/index.php\\\/2016\\\/01\\\/02\\\/timbre-postal-porterie-du-palais-ducal-nancy\\\/\",\"url\":\"https:\\\/\\\/reginedatin.com\\\/index.php\\\/2016\\\/01\\\/02\\\/timbre-postal-porterie-du-palais-ducal-nancy\\\/\",\"name\":\"Timbre postal, Porterie du Palais Ducal - Nancy &#171; R\u00e9gine Datin Photographie\",\"isPartOf\":{\"@id\":\"https:\\\/\\\/reginedatin.com\\\/#website\"},\"primaryImageOfPage\":{\"@id\":\"https:\\\/\\\/reginedatin.com\\\/index.php\\\/2016\\\/01\\\/02\\\/timbre-postal-porterie-du-palais-ducal-nancy\\\/#primaryimage\"},\"image\":{\"@id\":\"https:\\\/\\\/reginedatin.com\\\/index.php\\\/2016\\\/01\\\/02\\\/timbre-postal-porterie-du-palais-ducal-nancy\\\/#primaryimage\"},\"thumbnailUrl\":\"https:\\\/\\\/reginedatin.com\\\/wp-content\\\/uploads\\\/2021\\\/01\\\/Timbres-Renaissance-2013-La-Poste-1400px-0018.jpg\",\"datePublished\":\"2016-01-02T16:04:24+00:00\",\"dateModified\":\"2021-09-21T20:03:21+00:00\",\"author\":{\"@id\":\"https:\\\/\\\/reginedatin.com\\\/#\\\/schema\\\/person\\\/b66ac0eb09a551897d6a6482ea860525\"},\"breadcrumb\":{\"@id\":\"https:\\\/\\\/reginedatin.com\\\/index.php\\\/2016\\\/01\\\/02\\\/timbre-postal-porterie-du-palais-ducal-nancy\\\/#breadcrumb\"},\"inLanguage\":\"fr-FR\",\"potentialAction\":[{\"@type\":\"ReadAction\",\"target\":[\"https:\\\/\\\/reginedatin.com\\\/index.php\\\/2016\\\/01\\\/02\\\/timbre-postal-porterie-du-palais-ducal-nancy\\\/\"]}]},{\"@type\":\"ImageObject\",\"inLanguage\":\"fr-FR\",\"@id\":\"https:\\\/\\\/reginedatin.com\\\/index.php\\\/2016\\\/01\\\/02\\\/timbre-postal-porterie-du-palais-ducal-nancy\\\/#primaryimage\",\"url\":\"https:\\\/\\\/reginedatin.com\\\/wp-content\\\/uploads\\\/2021\\\/01\\\/Timbres-Renaissance-2013-La-Poste-1400px-0018.jpg\",\"contentUrl\":\"https:\\\/\\\/reginedatin.com\\\/wp-content\\\/uploads\\\/2021\\\/01\\\/Timbres-Renaissance-2013-La-Poste-1400px-0018.jpg\",\"width\":1399,\"height\":934,\"caption\":\"Timbres Renaissance 2013 La Poste 1400px-0018\"},{\"@type\":\"BreadcrumbList\",\"@id\":\"https:\\\/\\\/reginedatin.com\\\/index.php\\\/2016\\\/01\\\/02\\\/timbre-postal-porterie-du-palais-ducal-nancy\\\/#breadcrumb\",\"itemListElement\":[{\"@type\":\"ListItem\",\"position\":1,\"name\":\"Accueil\",\"item\":\"https:\\\/\\\/reginedatin.com\\\/\"},{\"@type\":\"ListItem\",\"position\":2,\"name\":\"Timbre postal, Porterie du Palais Ducal &#8211; Nancy\"}]},{\"@type\":\"WebSite\",\"@id\":\"https:\\\/\\\/reginedatin.com\\\/#website\",\"url\":\"https:\\\/\\\/reginedatin.com\\\/\",\"name\":\"R\u00e9gine Datin Photographie\",\"description\":\"Empreinte d&#039;une heure, d&#039;un jour...\",\"potentialAction\":[{\"@type\":\"SearchAction\",\"target\":{\"@type\":\"EntryPoint\",\"urlTemplate\":\"https:\\\/\\\/reginedatin.com\\\/?s={search_term_string}\"},\"query-input\":{\"@type\":\"PropertyValueSpecification\",\"valueRequired\":true,\"valueName\":\"search_term_string\"}}],\"inLanguage\":\"fr-FR\"},{\"@type\":\"Person\",\"@id\":\"https:\\\/\\\/reginedatin.com\\\/#\\\/schema\\\/person\\\/b66ac0eb09a551897d6a6482ea860525\",\"name\":\"R\u00e9gine\",\"image\":{\"@type\":\"ImageObject\",\"inLanguage\":\"fr-FR\",\"@id\":\"https:\\\/\\\/secure.gravatar.com\\\/avatar\\\/1b3cd8fdc6d62cf332d2525ea039d3251625565928435a5a8ca996605310310a?s=96&d=mm&r=g\",\"url\":\"https:\\\/\\\/secure.gravatar.com\\\/avatar\\\/1b3cd8fdc6d62cf332d2525ea039d3251625565928435a5a8ca996605310310a?s=96&d=mm&r=g\",\"contentUrl\":\"https:\\\/\\\/secure.gravatar.com\\\/avatar\\\/1b3cd8fdc6d62cf332d2525ea039d3251625565928435a5a8ca996605310310a?s=96&d=mm&r=g\",\"caption\":\"R\u00e9gine\"},\"sameAs\":[\"http:\\\/\\\/www.reginedatin.com\"]}]}<\/script>\n<!-- \/ Yoast SEO plugin. -->","yoast_head_json":{"title":"Timbre postal, Porterie du Palais Ducal - Nancy &#171; R\u00e9gine Datin Photographie","robots":{"index":"index","follow":"follow","max-snippet":"max-snippet:-1","max-image-preview":"max-image-preview:large","max-video-preview":"max-video-preview:-1"},"canonical":"https:\/\/reginedatin.com\/index.php\/2016\/01\/02\/timbre-postal-porterie-du-palais-ducal-nancy\/","og_locale":"fr_FR","og_type":"article","og_title":"Timbre postal, Porterie du Palais Ducal - Nancy &#171; R\u00e9gine Datin Photographie","og_description":"En 2013, la ville de Nancy c\u00e9l\u00e8bre la Renaissance. Projecteur sur un h\u00e9ritage exceptionnel qui place l&rsquo;ann\u00e9e touristique sous le signe de ce mouvement architectural du XVI\u00e8me si\u00e8cle. La St\u00e9 La Poste souhaite lancer un collector de 10 timbres autocollants sur le th\u00e8me de la Renaissance, et dans le cadre de sa cr\u00e9ation, me s\u00e9lectionne (par le biais de ma collaboration photographique avec l&rsquo;OT) pour la publication d&rsquo;un visuel &#8211; La Porterie du Palais Ducal &#8211; r\u00e9alis\u00e9 lors d&rsquo;un reportage [&hellip;]","og_url":"https:\/\/reginedatin.com\/index.php\/2016\/01\/02\/timbre-postal-porterie-du-palais-ducal-nancy\/","og_site_name":"R\u00e9gine Datin Photographie","article_publisher":"https:\/\/www.facebook.com\/reginedatinphotographie\/","article_published_time":"2016-01-02T16:04:24+00:00","article_modified_time":"2021-09-21T20:03:21+00:00","og_image":[{"width":1399,"height":934,"url":"https:\/\/reginedatin.com\/wp-content\/uploads\/2021\/01\/Timbres-Renaissance-2013-La-Poste-1400px-0018.jpg","type":"image\/jpeg"}],"author":"R\u00e9gine","twitter_card":"summary_large_image","twitter_misc":{"\u00c9crit par":"R\u00e9gine","Dur\u00e9e de lecture estim\u00e9e":"1 minute"},"schema":{"@context":"https:\/\/schema.org","@graph":[{"@type":"Article","@id":"https:\/\/reginedatin.com\/index.php\/2016\/01\/02\/timbre-postal-porterie-du-palais-ducal-nancy\/#article","isPartOf":{"@id":"https:\/\/reginedatin.com\/index.php\/2016\/01\/02\/timbre-postal-porterie-du-palais-ducal-nancy\/"},"author":{"name":"R\u00e9gine","@id":"https:\/\/reginedatin.com\/#\/schema\/person\/b66ac0eb09a551897d6a6482ea860525"},"headline":"Timbre postal, Porterie du Palais Ducal &#8211; Nancy","datePublished":"2016-01-02T16:04:24+00:00","dateModified":"2021-09-21T20:03:21+00:00","mainEntityOfPage":{"@id":"https:\/\/reginedatin.com\/index.php\/2016\/01\/02\/timbre-postal-porterie-du-palais-ducal-nancy\/"},"wordCount":130,"commentCount":0,"image":{"@id":"https:\/\/reginedatin.com\/index.php\/2016\/01\/02\/timbre-postal-porterie-du-palais-ducal-nancy\/#primaryimage"},"thumbnailUrl":"https:\/\/reginedatin.com\/wp-content\/uploads\/2021\/01\/Timbres-Renaissance-2013-La-Poste-1400px-0018.jpg","articleSection":["Publications"],"inLanguage":"fr-FR","potentialAction":[{"@type":"CommentAction","name":"Comment","target":["https:\/\/reginedatin.com\/index.php\/2016\/01\/02\/timbre-postal-porterie-du-palais-ducal-nancy\/#respond"]}]},{"@type":"WebPage","@id":"https:\/\/reginedatin.com\/index.php\/2016\/01\/02\/timbre-postal-porterie-du-palais-ducal-nancy\/","url":"https:\/\/reginedatin.com\/index.php\/2016\/01\/02\/timbre-postal-porterie-du-palais-ducal-nancy\/","name":"Timbre postal, Porterie du Palais Ducal - Nancy &#171; R\u00e9gine Datin Photographie","isPartOf":{"@id":"https:\/\/reginedatin.com\/#website"},"primaryImageOfPage":{"@id":"https:\/\/reginedatin.com\/index.php\/2016\/01\/02\/timbre-postal-porterie-du-palais-ducal-nancy\/#primaryimage"},"image":{"@id":"https:\/\/reginedatin.com\/index.php\/2016\/01\/02\/timbre-postal-porterie-du-palais-ducal-nancy\/#primaryimage"},"thumbnailUrl":"https:\/\/reginedatin.com\/wp-content\/uploads\/2021\/01\/Timbres-Renaissance-2013-La-Poste-1400px-0018.jpg","datePublished":"2016-01-02T16:04:24+00:00","dateModified":"2021-09-21T20:03:21+00:00","author":{"@id":"https:\/\/reginedatin.com\/#\/schema\/person\/b66ac0eb09a551897d6a6482ea860525"},"breadcrumb":{"@id":"https:\/\/reginedatin.com\/index.php\/2016\/01\/02\/timbre-postal-porterie-du-palais-ducal-nancy\/#breadcrumb"},"inLanguage":"fr-FR","potentialAction":[{"@type":"ReadAction","target":["https:\/\/reginedatin.com\/index.php\/2016\/01\/02\/timbre-postal-porterie-du-palais-ducal-nancy\/"]}]},{"@type":"ImageObject","inLanguage":"fr-FR","@id":"https:\/\/reginedatin.com\/index.php\/2016\/01\/02\/timbre-postal-porterie-du-palais-ducal-nancy\/#primaryimage","url":"https:\/\/reginedatin.com\/wp-content\/uploads\/2021\/01\/Timbres-Renaissance-2013-La-Poste-1400px-0018.jpg","contentUrl":"https:\/\/reginedatin.com\/wp-content\/uploads\/2021\/01\/Timbres-Renaissance-2013-La-Poste-1400px-0018.jpg","width":1399,"height":934,"caption":"Timbres Renaissance 2013 La Poste 1400px-0018"},{"@type":"BreadcrumbList","@id":"https:\/\/reginedatin.com\/index.php\/2016\/01\/02\/timbre-postal-porterie-du-palais-ducal-nancy\/#breadcrumb","itemListElement":[{"@type":"ListItem","position":1,"name":"Accueil","item":"https:\/\/reginedatin.com\/"},{"@type":"ListItem","position":2,"name":"Timbre postal, Porterie du Palais Ducal &#8211; Nancy"}]},{"@type":"WebSite","@id":"https:\/\/reginedatin.com\/#website","url":"https:\/\/reginedatin.com\/","name":"R\u00e9gine Datin Photographie","description":"Empreinte d&#039;une heure, d&#039;un jour...","potentialAction":[{"@type":"SearchAction","target":{"@type":"EntryPoint","urlTemplate":"https:\/\/reginedatin.com\/?s={search_term_string}"},"query-input":{"@type":"PropertyValueSpecification","valueRequired":true,"valueName":"search_term_string"}}],"inLanguage":"fr-FR"},{"@type":"Person","@id":"https:\/\/reginedatin.com\/#\/schema\/person\/b66ac0eb09a551897d6a6482ea860525","name":"R\u00e9gine","image":{"@type":"ImageObject","inLanguage":"fr-FR","@id":"https:\/\/secure.gravatar.com\/avatar\/1b3cd8fdc6d62cf332d2525ea039d3251625565928435a5a8ca996605310310a?s=96&d=mm&r=g","url":"https:\/\/secure.gravatar.com\/avatar\/1b3cd8fdc6d62cf332d2525ea039d3251625565928435a5a8ca996605310310a?s=96&d=mm&r=g","contentUrl":"https:\/\/secure.gravatar.com\/avatar\/1b3cd8fdc6d62cf332d2525ea039d3251625565928435a5a8ca996605310310a?s=96&d=mm&r=g","caption":"R\u00e9gine"},"sameAs":["http:\/\/www.reginedatin.com"]}]}},"_links":{"self":[{"href":"https:\/\/reginedatin.com\/index.php\/wp-json\/wp\/v2\/posts\/2272","targetHints":{"allow":["GET"]}}],"collection":[{"href":"https:\/\/reginedatin.com\/index.php\/wp-json\/wp\/v2\/posts"}],"about":[{"href":"https:\/\/reginedatin.com\/index.php\/wp-json\/wp\/v2\/types\/post"}],"author":[{"embeddable":true,"href":"https:\/\/reginedatin.com\/index.php\/wp-json\/wp\/v2\/users\/1"}],"replies":[{"embeddable":true,"href":"https:\/\/reginedatin.com\/index.php\/wp-json\/wp\/v2\/comments?post=2272"}],"version-history":[{"count":7,"href":"https:\/\/reginedatin.com\/index.php\/wp-json\/wp\/v2\/posts\/2272\/revisions"}],"predecessor-version":[{"id":2444,"href":"https:\/\/reginedatin.com\/index.php\/wp-json\/wp\/v2\/posts\/2272\/revisions\/2444"}],"wp:featuredmedia":[{"embeddable":true,"href":"https:\/\/reginedatin.com\/index.php\/wp-json\/wp\/v2\/media\/2265"}],"wp:attachment":[{"href":"https:\/\/reginedatin.com\/index.php\/wp-json\/wp\/v2\/media?parent=2272"}],"wp:term":[{"taxonomy":"category","embeddable":true,"href":"https:\/\/reginedatin.com\/index.php\/wp-json\/wp\/v2\/categories?post=2272"},{"taxonomy":"post_tag","embeddable":true,"href":"https:\/\/reginedatin.com\/index.php\/wp-json\/wp\/v2\/tags?post=2272"}],"curies":[{"name":"wp","href":"https:\/\/api.w.org\/{rel}","templated":true}]}}