{"id":2316,"date":"2021-06-18T12:38:54","date_gmt":"2021-06-18T10:38:54","guid":{"rendered":"http:\/\/reginedatin.com\/?p=2316"},"modified":"2021-06-18T12:51:12","modified_gmt":"2021-06-18T10:51:12","slug":"chemin-de-traverses-site-alstom-nancy","status":"publish","type":"post","link":"https:\/\/reginedatin.com\/index.php\/2021\/06\/18\/chemin-de-traverses-site-alstom-nancy\/","title":{"rendered":"Chemin de traverses &#8211; Site Alstom &#8211; Nancy"},"content":{"rendered":"<p>Le long de l&rsquo;ancienne voie ferr\u00e9e Saint Georges (qui reliait Champigneulles \u00e0 Houdemont ), au milieu des herbes folles&#8230;comme un petit air de campagne sauvage au milieu de la Cit\u00e9.<\/p>\n<p><span style=\"font-size: 0.9rem;\">Une balade, un lundi apr\u00e8s-midi ensoleill\u00e9 &#8211; avec ma maman &#8211; a<\/span>vant que cette friche<span style=\"font-size: 0.9rem;\"> de 3.4 hectares (3,5 fois la Place Stanislas),<\/span><span style=\"font-size: 0.9rem;\"> inscrite dans le patrimoine industriel de Nancy ne devienne un quartier \u00ab\u00a0\u00e9cologique et solidaire\u00a0\u00bb<\/span>\u00a0<span style=\"font-size: 0.9rem;\">d&rsquo;ici 2030 et\/ou <\/span><span style=\"font-size: 14.4px;\">disparaisse compl\u00e9tement sous le bitume et le b\u00e9ton&#8230;\u00a0 :\/<\/span><\/p>\n<p>L&rsquo;actuel maire, Mathieu Klein l\u2019assure : \u00ab la voie de la Meurthe se fera sans voitures et sera r\u00e9serv\u00e9e aux pi\u00e9tons, aux v\u00e9los et dans un autre temps \u00e0 un transport en commun, un tram ou un tram train \u00bb.<\/p>\n<p>\u00ab\u00a0Des artistes, des \u00e9v\u00e9nements et des activit\u00e9s pourraient prendre possession des lieux en attendant les grands chantiers\u00a0\u00bb&#8230;..et rejoindre <span style=\"font-size: 0.9rem;\">la Biennale de l&rsquo;Image et le P&rsquo;tit Baz&rsquo;Art ?<\/span> Chouette !!\u00a0 \ud83d\ude00<\/p>\n<p>Mise en service\u00a0 le 16 mai 1881 (140 ann\u00e9es jour pour jour) et d\u00e9finitivement ferm\u00e9e le 28 septembre 1997 (&#8230;pas si vieux&#8230;date \u00e0 laquelle j&rsquo;ai arr\u00eat\u00e9 de fumer !! \ud83d\ude00 \ud83d\ude00 ), l&rsquo;ancienne voie ferr\u00e9e, ou du moins ce qu&rsquo;il en reste,\u00a0 fait encore partie de certains lieux magiques o\u00f9 l&rsquo;Artiste est roi et disciple des formes et couleurs calligraphi\u00e9es et bomb\u00e9es sur les murs de l&rsquo;ancien Site Alstom ( qui abritent, cela m\u00e9rite d&rsquo;\u00eatre soulign\u00e9, des menuiseries Louis Majorelle en leur sein).<\/p>\n<p>Il n&rsquo;y a pas d&rsquo;\u00e2ge pour \u00eatre admiratif de la finesse et la beaut\u00e9 des traits pulv\u00e9ris\u00e9s sur les murs \u00e0 l&rsquo;abandon&#8230;<span style=\"font-size: 0.9rem;\">Ma petite m\u00e8re :\u00a0 86 ans et toujours fan !<\/span><\/p>\n<p>Pouvoir s&rsquo;\u00e9merveiller et ouvrir les yeux en grand n&rsquo;a pas d&rsquo;\u00e2ge&#8230;et ne doit surtout pas en avoir !<\/p>\n<p>Savoir garder son c\u0153ur et ses yeux d&rsquo;enfant&#8230;.c&rsquo;est peut-\u00eatre le secret&#8230;ou du moins un petit morceau\u00a0 \u00a0\ud83d\ude42<\/p>\n<p>Et pourquoi ne pas improviser une s\u00e9ance photos avec mon smartphone ?!\u00a0 \ud83d\ude09<\/p>\n<p>Puis s&rsquo;amuser avec l&rsquo;option retouche Tilt Shift&#8230;! \ud83d\ude00<\/p>\n<p>Toujours convaincue que l&rsquo;on peut faire de la photo avec tout et dans n&rsquo;importe quelle situation&#8230;seul le r\u00e9sultat compte \ud83d\ude1b<\/p>\n<p>Fresques ABYS \/ AMOOR<\/p>\n","protected":false},"excerpt":{"rendered":"<p>Le long de l&rsquo;ancienne voie ferr\u00e9e Saint Georges (qui reliait Champigneulles \u00e0 Houdemont ), au milieu des herbes folles&#8230;comme un petit air de campagne sauvage au milieu de la Cit\u00e9. Une balade, un lundi apr\u00e8s-midi ensoleill\u00e9 &#8211; avec ma maman &#8211; avant que cette friche de 3.4 hectares (3,5 fois la Place Stanislas), inscrite dans le patrimoine industriel de Nancy ne devienne un quartier \u00ab\u00a0\u00e9cologique et solidaire\u00a0\u00bb\u00a0d&rsquo;ici 2030 et\/ou disparaisse compl\u00e9tement sous le bitume et le b\u00e9ton&#8230;\u00a0 :\/ L&rsquo;actuel maire, [&hellip;]<\/p>\n","protected":false},"author":1,"featured_media":2331,"comment_status":"open","ping_status":"open","sticky":false,"template":"","format":"gallery","meta":{"footnotes":""},"categories":[21],"tags":[],"class_list":["post-2316","post","type-post","status-publish","format-gallery","has-post-thumbnail","hentry","category-mes-pas-me-portent","post_format-post-format-gallery"],"yoast_head":"<!-- This site is optimized with the Yoast SEO plugin v27.5 - https:\/\/yoast.com\/product\/yoast-seo-wordpress\/ -->\n<title>Chemin de traverses - Site Alstom - Nancy &#171; R\u00e9gine Datin Photographie<\/title>\n<meta name=\"robots\" content=\"index, follow, max-snippet:-1, max-image-preview:large, max-video-preview:-1\" \/>\n<link rel=\"canonical\" href=\"https:\/\/reginedatin.com\/index.php\/2021\/06\/18\/chemin-de-traverses-site-alstom-nancy\/\" \/>\n<meta property=\"og:locale\" content=\"fr_FR\" \/>\n<meta property=\"og:type\" content=\"article\" \/>\n<meta property=\"og:title\" content=\"Chemin de traverses - Site Alstom - Nancy &#171; R\u00e9gine Datin Photographie\" \/>\n<meta property=\"og:description\" content=\"Le long de l&rsquo;ancienne voie ferr\u00e9e Saint Georges (qui reliait Champigneulles \u00e0 Houdemont ), au milieu des herbes folles&#8230;comme un petit air de campagne sauvage au milieu de la Cit\u00e9. Une balade, un lundi apr\u00e8s-midi ensoleill\u00e9 &#8211; avec ma maman &#8211; avant que cette friche de 3.4 hectares (3,5 fois la Place Stanislas), inscrite dans le patrimoine industriel de Nancy ne devienne un quartier \u00ab\u00a0\u00e9cologique et solidaire\u00a0\u00bb\u00a0d&rsquo;ici 2030 et\/ou disparaisse compl\u00e9tement sous le bitume et le b\u00e9ton&#8230;\u00a0 :\/ L&rsquo;actuel maire, [&hellip;]\" \/>\n<meta property=\"og:url\" content=\"https:\/\/reginedatin.com\/index.php\/2021\/06\/18\/chemin-de-traverses-site-alstom-nancy\/\" \/>\n<meta property=\"og:site_name\" content=\"R\u00e9gine Datin Photographie\" \/>\n<meta property=\"article:publisher\" content=\"https:\/\/www.facebook.com\/reginedatinphotographie\/\" \/>\n<meta property=\"article:published_time\" content=\"2021-06-18T10:38:54+00:00\" \/>\n<meta property=\"article:modified_time\" content=\"2021-06-18T10:51:12+00:00\" \/>\n<meta property=\"og:image\" content=\"https:\/\/reginedatin.com\/wp-content\/uploads\/2021\/06\/Le-long-de-la-voie-ferree-2021-193212.jpg\" \/>\n\t<meta property=\"og:image:width\" content=\"1400\" \/>\n\t<meta property=\"og:image:height\" content=\"933\" \/>\n\t<meta property=\"og:image:type\" content=\"image\/jpeg\" \/>\n<meta name=\"author\" content=\"R\u00e9gine\" \/>\n<meta name=\"twitter:card\" content=\"summary_large_image\" \/>\n<meta name=\"twitter:label1\" content=\"\u00c9crit par\" \/>\n\t<meta name=\"twitter:data1\" content=\"R\u00e9gine\" \/>\n\t<meta name=\"twitter:label2\" content=\"Dur\u00e9e de lecture estim\u00e9e\" \/>\n\t<meta name=\"twitter:data2\" content=\"2 minutes\" \/>\n<script type=\"application\/ld+json\" class=\"yoast-schema-graph\">{\"@context\":\"https:\\\/\\\/schema.org\",\"@graph\":[{\"@type\":\"Article\",\"@id\":\"https:\\\/\\\/reginedatin.com\\\/index.php\\\/2021\\\/06\\\/18\\\/chemin-de-traverses-site-alstom-nancy\\\/#article\",\"isPartOf\":{\"@id\":\"https:\\\/\\\/reginedatin.com\\\/index.php\\\/2021\\\/06\\\/18\\\/chemin-de-traverses-site-alstom-nancy\\\/\"},\"author\":{\"name\":\"R\u00e9gine\",\"@id\":\"https:\\\/\\\/reginedatin.com\\\/#\\\/schema\\\/person\\\/b66ac0eb09a551897d6a6482ea860525\"},\"headline\":\"Chemin de traverses &#8211; Site Alstom &#8211; Nancy\",\"datePublished\":\"2021-06-18T10:38:54+00:00\",\"dateModified\":\"2021-06-18T10:51:12+00:00\",\"mainEntityOfPage\":{\"@id\":\"https:\\\/\\\/reginedatin.com\\\/index.php\\\/2021\\\/06\\\/18\\\/chemin-de-traverses-site-alstom-nancy\\\/\"},\"wordCount\":362,\"commentCount\":0,\"image\":{\"@id\":\"https:\\\/\\\/reginedatin.com\\\/index.php\\\/2021\\\/06\\\/18\\\/chemin-de-traverses-site-alstom-nancy\\\/#primaryimage\"},\"thumbnailUrl\":\"https:\\\/\\\/reginedatin.com\\\/wp-content\\\/uploads\\\/2021\\\/06\\\/Le-long-de-la-voie-ferree-2021-193212.jpg\",\"articleSection\":[\"Mes pas me portent...\"],\"inLanguage\":\"fr-FR\",\"potentialAction\":[{\"@type\":\"CommentAction\",\"name\":\"Comment\",\"target\":[\"https:\\\/\\\/reginedatin.com\\\/index.php\\\/2021\\\/06\\\/18\\\/chemin-de-traverses-site-alstom-nancy\\\/#respond\"]}]},{\"@type\":\"WebPage\",\"@id\":\"https:\\\/\\\/reginedatin.com\\\/index.php\\\/2021\\\/06\\\/18\\\/chemin-de-traverses-site-alstom-nancy\\\/\",\"url\":\"https:\\\/\\\/reginedatin.com\\\/index.php\\\/2021\\\/06\\\/18\\\/chemin-de-traverses-site-alstom-nancy\\\/\",\"name\":\"Chemin de traverses - Site Alstom - Nancy &#171; R\u00e9gine Datin Photographie\",\"isPartOf\":{\"@id\":\"https:\\\/\\\/reginedatin.com\\\/#website\"},\"primaryImageOfPage\":{\"@id\":\"https:\\\/\\\/reginedatin.com\\\/index.php\\\/2021\\\/06\\\/18\\\/chemin-de-traverses-site-alstom-nancy\\\/#primaryimage\"},\"image\":{\"@id\":\"https:\\\/\\\/reginedatin.com\\\/index.php\\\/2021\\\/06\\\/18\\\/chemin-de-traverses-site-alstom-nancy\\\/#primaryimage\"},\"thumbnailUrl\":\"https:\\\/\\\/reginedatin.com\\\/wp-content\\\/uploads\\\/2021\\\/06\\\/Le-long-de-la-voie-ferree-2021-193212.jpg\",\"datePublished\":\"2021-06-18T10:38:54+00:00\",\"dateModified\":\"2021-06-18T10:51:12+00:00\",\"author\":{\"@id\":\"https:\\\/\\\/reginedatin.com\\\/#\\\/schema\\\/person\\\/b66ac0eb09a551897d6a6482ea860525\"},\"breadcrumb\":{\"@id\":\"https:\\\/\\\/reginedatin.com\\\/index.php\\\/2021\\\/06\\\/18\\\/chemin-de-traverses-site-alstom-nancy\\\/#breadcrumb\"},\"inLanguage\":\"fr-FR\",\"potentialAction\":[{\"@type\":\"ReadAction\",\"target\":[\"https:\\\/\\\/reginedatin.com\\\/index.php\\\/2021\\\/06\\\/18\\\/chemin-de-traverses-site-alstom-nancy\\\/\"]}]},{\"@type\":\"ImageObject\",\"inLanguage\":\"fr-FR\",\"@id\":\"https:\\\/\\\/reginedatin.com\\\/index.php\\\/2021\\\/06\\\/18\\\/chemin-de-traverses-site-alstom-nancy\\\/#primaryimage\",\"url\":\"https:\\\/\\\/reginedatin.com\\\/wp-content\\\/uploads\\\/2021\\\/06\\\/Le-long-de-la-voie-ferree-2021-193212.jpg\",\"contentUrl\":\"https:\\\/\\\/reginedatin.com\\\/wp-content\\\/uploads\\\/2021\\\/06\\\/Le-long-de-la-voie-ferree-2021-193212.jpg\",\"width\":1400,\"height\":933,\"caption\":\"Le long de la voie ferr\u00e9e 2021-193212\"},{\"@type\":\"BreadcrumbList\",\"@id\":\"https:\\\/\\\/reginedatin.com\\\/index.php\\\/2021\\\/06\\\/18\\\/chemin-de-traverses-site-alstom-nancy\\\/#breadcrumb\",\"itemListElement\":[{\"@type\":\"ListItem\",\"position\":1,\"name\":\"Accueil\",\"item\":\"https:\\\/\\\/reginedatin.com\\\/\"},{\"@type\":\"ListItem\",\"position\":2,\"name\":\"Chemin de traverses &#8211; Site Alstom &#8211; Nancy\"}]},{\"@type\":\"WebSite\",\"@id\":\"https:\\\/\\\/reginedatin.com\\\/#website\",\"url\":\"https:\\\/\\\/reginedatin.com\\\/\",\"name\":\"R\u00e9gine Datin Photographie\",\"description\":\"Empreinte d&#039;une heure, d&#039;un jour...\",\"potentialAction\":[{\"@type\":\"SearchAction\",\"target\":{\"@type\":\"EntryPoint\",\"urlTemplate\":\"https:\\\/\\\/reginedatin.com\\\/?s={search_term_string}\"},\"query-input\":{\"@type\":\"PropertyValueSpecification\",\"valueRequired\":true,\"valueName\":\"search_term_string\"}}],\"inLanguage\":\"fr-FR\"},{\"@type\":\"Person\",\"@id\":\"https:\\\/\\\/reginedatin.com\\\/#\\\/schema\\\/person\\\/b66ac0eb09a551897d6a6482ea860525\",\"name\":\"R\u00e9gine\",\"image\":{\"@type\":\"ImageObject\",\"inLanguage\":\"fr-FR\",\"@id\":\"https:\\\/\\\/secure.gravatar.com\\\/avatar\\\/1b3cd8fdc6d62cf332d2525ea039d3251625565928435a5a8ca996605310310a?s=96&d=mm&r=g\",\"url\":\"https:\\\/\\\/secure.gravatar.com\\\/avatar\\\/1b3cd8fdc6d62cf332d2525ea039d3251625565928435a5a8ca996605310310a?s=96&d=mm&r=g\",\"contentUrl\":\"https:\\\/\\\/secure.gravatar.com\\\/avatar\\\/1b3cd8fdc6d62cf332d2525ea039d3251625565928435a5a8ca996605310310a?s=96&d=mm&r=g\",\"caption\":\"R\u00e9gine\"},\"sameAs\":[\"http:\\\/\\\/www.reginedatin.com\"]}]}<\/script>\n<!-- \/ Yoast SEO plugin. -->","yoast_head_json":{"title":"Chemin de traverses - Site Alstom - Nancy &#171; R\u00e9gine Datin Photographie","robots":{"index":"index","follow":"follow","max-snippet":"max-snippet:-1","max-image-preview":"max-image-preview:large","max-video-preview":"max-video-preview:-1"},"canonical":"https:\/\/reginedatin.com\/index.php\/2021\/06\/18\/chemin-de-traverses-site-alstom-nancy\/","og_locale":"fr_FR","og_type":"article","og_title":"Chemin de traverses - Site Alstom - Nancy &#171; R\u00e9gine Datin Photographie","og_description":"Le long de l&rsquo;ancienne voie ferr\u00e9e Saint Georges (qui reliait Champigneulles \u00e0 Houdemont ), au milieu des herbes folles&#8230;comme un petit air de campagne sauvage au milieu de la Cit\u00e9. Une balade, un lundi apr\u00e8s-midi ensoleill\u00e9 &#8211; avec ma maman &#8211; avant que cette friche de 3.4 hectares (3,5 fois la Place Stanislas), inscrite dans le patrimoine industriel de Nancy ne devienne un quartier \u00ab\u00a0\u00e9cologique et solidaire\u00a0\u00bb\u00a0d&rsquo;ici 2030 et\/ou disparaisse compl\u00e9tement sous le bitume et le b\u00e9ton&#8230;\u00a0 :\/ L&rsquo;actuel maire, [&hellip;]","og_url":"https:\/\/reginedatin.com\/index.php\/2021\/06\/18\/chemin-de-traverses-site-alstom-nancy\/","og_site_name":"R\u00e9gine Datin Photographie","article_publisher":"https:\/\/www.facebook.com\/reginedatinphotographie\/","article_published_time":"2021-06-18T10:38:54+00:00","article_modified_time":"2021-06-18T10:51:12+00:00","og_image":[{"width":1400,"height":933,"url":"https:\/\/reginedatin.com\/wp-content\/uploads\/2021\/06\/Le-long-de-la-voie-ferree-2021-193212.jpg","type":"image\/jpeg"}],"author":"R\u00e9gine","twitter_card":"summary_large_image","twitter_misc":{"\u00c9crit par":"R\u00e9gine","Dur\u00e9e de lecture estim\u00e9e":"2 minutes"},"schema":{"@context":"https:\/\/schema.org","@graph":[{"@type":"Article","@id":"https:\/\/reginedatin.com\/index.php\/2021\/06\/18\/chemin-de-traverses-site-alstom-nancy\/#article","isPartOf":{"@id":"https:\/\/reginedatin.com\/index.php\/2021\/06\/18\/chemin-de-traverses-site-alstom-nancy\/"},"author":{"name":"R\u00e9gine","@id":"https:\/\/reginedatin.com\/#\/schema\/person\/b66ac0eb09a551897d6a6482ea860525"},"headline":"Chemin de traverses &#8211; Site Alstom &#8211; Nancy","datePublished":"2021-06-18T10:38:54+00:00","dateModified":"2021-06-18T10:51:12+00:00","mainEntityOfPage":{"@id":"https:\/\/reginedatin.com\/index.php\/2021\/06\/18\/chemin-de-traverses-site-alstom-nancy\/"},"wordCount":362,"commentCount":0,"image":{"@id":"https:\/\/reginedatin.com\/index.php\/2021\/06\/18\/chemin-de-traverses-site-alstom-nancy\/#primaryimage"},"thumbnailUrl":"https:\/\/reginedatin.com\/wp-content\/uploads\/2021\/06\/Le-long-de-la-voie-ferree-2021-193212.jpg","articleSection":["Mes pas me portent..."],"inLanguage":"fr-FR","potentialAction":[{"@type":"CommentAction","name":"Comment","target":["https:\/\/reginedatin.com\/index.php\/2021\/06\/18\/chemin-de-traverses-site-alstom-nancy\/#respond"]}]},{"@type":"WebPage","@id":"https:\/\/reginedatin.com\/index.php\/2021\/06\/18\/chemin-de-traverses-site-alstom-nancy\/","url":"https:\/\/reginedatin.com\/index.php\/2021\/06\/18\/chemin-de-traverses-site-alstom-nancy\/","name":"Chemin de traverses - Site Alstom - Nancy &#171; R\u00e9gine Datin Photographie","isPartOf":{"@id":"https:\/\/reginedatin.com\/#website"},"primaryImageOfPage":{"@id":"https:\/\/reginedatin.com\/index.php\/2021\/06\/18\/chemin-de-traverses-site-alstom-nancy\/#primaryimage"},"image":{"@id":"https:\/\/reginedatin.com\/index.php\/2021\/06\/18\/chemin-de-traverses-site-alstom-nancy\/#primaryimage"},"thumbnailUrl":"https:\/\/reginedatin.com\/wp-content\/uploads\/2021\/06\/Le-long-de-la-voie-ferree-2021-193212.jpg","datePublished":"2021-06-18T10:38:54+00:00","dateModified":"2021-06-18T10:51:12+00:00","author":{"@id":"https:\/\/reginedatin.com\/#\/schema\/person\/b66ac0eb09a551897d6a6482ea860525"},"breadcrumb":{"@id":"https:\/\/reginedatin.com\/index.php\/2021\/06\/18\/chemin-de-traverses-site-alstom-nancy\/#breadcrumb"},"inLanguage":"fr-FR","potentialAction":[{"@type":"ReadAction","target":["https:\/\/reginedatin.com\/index.php\/2021\/06\/18\/chemin-de-traverses-site-alstom-nancy\/"]}]},{"@type":"ImageObject","inLanguage":"fr-FR","@id":"https:\/\/reginedatin.com\/index.php\/2021\/06\/18\/chemin-de-traverses-site-alstom-nancy\/#primaryimage","url":"https:\/\/reginedatin.com\/wp-content\/uploads\/2021\/06\/Le-long-de-la-voie-ferree-2021-193212.jpg","contentUrl":"https:\/\/reginedatin.com\/wp-content\/uploads\/2021\/06\/Le-long-de-la-voie-ferree-2021-193212.jpg","width":1400,"height":933,"caption":"Le long de la voie ferr\u00e9e 2021-193212"},{"@type":"BreadcrumbList","@id":"https:\/\/reginedatin.com\/index.php\/2021\/06\/18\/chemin-de-traverses-site-alstom-nancy\/#breadcrumb","itemListElement":[{"@type":"ListItem","position":1,"name":"Accueil","item":"https:\/\/reginedatin.com\/"},{"@type":"ListItem","position":2,"name":"Chemin de traverses &#8211; Site Alstom &#8211; Nancy"}]},{"@type":"WebSite","@id":"https:\/\/reginedatin.com\/#website","url":"https:\/\/reginedatin.com\/","name":"R\u00e9gine Datin Photographie","description":"Empreinte d&#039;une heure, d&#039;un jour...","potentialAction":[{"@type":"SearchAction","target":{"@type":"EntryPoint","urlTemplate":"https:\/\/reginedatin.com\/?s={search_term_string}"},"query-input":{"@type":"PropertyValueSpecification","valueRequired":true,"valueName":"search_term_string"}}],"inLanguage":"fr-FR"},{"@type":"Person","@id":"https:\/\/reginedatin.com\/#\/schema\/person\/b66ac0eb09a551897d6a6482ea860525","name":"R\u00e9gine","image":{"@type":"ImageObject","inLanguage":"fr-FR","@id":"https:\/\/secure.gravatar.com\/avatar\/1b3cd8fdc6d62cf332d2525ea039d3251625565928435a5a8ca996605310310a?s=96&d=mm&r=g","url":"https:\/\/secure.gravatar.com\/avatar\/1b3cd8fdc6d62cf332d2525ea039d3251625565928435a5a8ca996605310310a?s=96&d=mm&r=g","contentUrl":"https:\/\/secure.gravatar.com\/avatar\/1b3cd8fdc6d62cf332d2525ea039d3251625565928435a5a8ca996605310310a?s=96&d=mm&r=g","caption":"R\u00e9gine"},"sameAs":["http:\/\/www.reginedatin.com"]}]}},"_links":{"self":[{"href":"https:\/\/reginedatin.com\/index.php\/wp-json\/wp\/v2\/posts\/2316","targetHints":{"allow":["GET"]}}],"collection":[{"href":"https:\/\/reginedatin.com\/index.php\/wp-json\/wp\/v2\/posts"}],"about":[{"href":"https:\/\/reginedatin.com\/index.php\/wp-json\/wp\/v2\/types\/post"}],"author":[{"embeddable":true,"href":"https:\/\/reginedatin.com\/index.php\/wp-json\/wp\/v2\/users\/1"}],"replies":[{"embeddable":true,"href":"https:\/\/reginedatin.com\/index.php\/wp-json\/wp\/v2\/comments?post=2316"}],"version-history":[{"count":30,"href":"https:\/\/reginedatin.com\/index.php\/wp-json\/wp\/v2\/posts\/2316\/revisions"}],"predecessor-version":[{"id":2373,"href":"https:\/\/reginedatin.com\/index.php\/wp-json\/wp\/v2\/posts\/2316\/revisions\/2373"}],"wp:featuredmedia":[{"embeddable":true,"href":"https:\/\/reginedatin.com\/index.php\/wp-json\/wp\/v2\/media\/2331"}],"wp:attachment":[{"href":"https:\/\/reginedatin.com\/index.php\/wp-json\/wp\/v2\/media?parent=2316"}],"wp:term":[{"taxonomy":"category","embeddable":true,"href":"https:\/\/reginedatin.com\/index.php\/wp-json\/wp\/v2\/categories?post=2316"},{"taxonomy":"post_tag","embeddable":true,"href":"https:\/\/reginedatin.com\/index.php\/wp-json\/wp\/v2\/tags?post=2316"}],"curies":[{"name":"wp","href":"https:\/\/api.w.org\/{rel}","templated":true}]}}