{"id":2382,"date":"2021-09-14T22:21:31","date_gmt":"2021-09-14T20:21:31","guid":{"rendered":"http:\/\/reginedatin.com\/?p=2382"},"modified":"2022-03-26T22:47:40","modified_gmt":"2022-03-26T21:47:40","slug":"choeurs-de-nos-regions-guebwiller-alsace","status":"publish","type":"post","link":"https:\/\/reginedatin.com\/index.php\/2021\/09\/14\/choeurs-de-nos-regions-guebwiller-alsace\/","title":{"rendered":"Ch\u0153urs de nos r\u00e9gions, Guebwiller\/Mulhouse-Alsace"},"content":{"rendered":"\r\n<p>&nbsp;<\/p>\r\n<p>Peut-\u00eatre que comme moi, vous aussi vous visitez les \u00e9glises partout o\u00f9 vous s\u00e9journez occasionnellement !<\/p>\r\n<p>Alors vous pouvez comprendre cette \u00ab\u00a0motivation\u00a0\u00bb pour ces incursions silencieuses et respectueuses dans les lieux de cultes foisonnants de tr\u00e9sors et d\u00e9tails architecturaux.<br \/>Rien \u00e0 voir avec la Religion, mais bien avec l&rsquo;admiration pour ces constructeurs d&rsquo;Histoire et de beaut\u00e9 qui vous imposent une forme d&rsquo;humilit\u00e9.<br \/>Je reste impressionn\u00e9e par la grandeur et la majest\u00e9 de ces \u00e9difices et les \u00ab\u00a0\u0153uvres d&rsquo;art\u00a0\u00bb qu&rsquo;ils abritent en leur \u00ab\u00a0Saint\u00a0\u00bb.\u00a0<\/p>\r\n<p>Petite vir\u00e9e dans le Haut-Rhin du c\u00f4t\u00e9 de Guebwiller&#8230;avec mon smartphone ! \ud83d\ude42<\/p>\r\n<div id=\"attachment_2416\" style=\"width: 766px\" class=\"wp-caption aligncenter\"><img fetchpriority=\"high\" decoding=\"async\" aria-describedby=\"caption-attachment-2416\" class=\"wp-image-2416 size-large\" src=\"https:\/\/reginedatin.com\/wp-content\/uploads\/2021\/09\/IMG_20210912_201048-768x1024.jpg\" alt=\"Guebwiller Eglise Saint-L\u00e9ger\" width=\"756\" height=\"1008\" srcset=\"https:\/\/reginedatin.com\/wp-content\/uploads\/2021\/09\/IMG_20210912_201048-768x1024.jpg 768w, https:\/\/reginedatin.com\/wp-content\/uploads\/2021\/09\/IMG_20210912_201048-225x300.jpg 225w, https:\/\/reginedatin.com\/wp-content\/uploads\/2021\/09\/IMG_20210912_201048-1152x1536.jpg 1152w, https:\/\/reginedatin.com\/wp-content\/uploads\/2021\/09\/IMG_20210912_201048-1536x2048.jpg 1536w, https:\/\/reginedatin.com\/wp-content\/uploads\/2021\/09\/IMG_20210912_201048-1310x1747.jpg 1310w, https:\/\/reginedatin.com\/wp-content\/uploads\/2021\/09\/IMG_20210912_201048-800x1067.jpg 800w, https:\/\/reginedatin.com\/wp-content\/uploads\/2021\/09\/IMG_20210912_201048-scaled.jpg 1920w\" sizes=\"(max-width: 756px) 100vw, 756px\" \/><p id=\"caption-attachment-2416\" class=\"wp-caption-text\">Guebwiller Eglise Saint-L\u00e9ger<\/p><\/div>\r\n<div id=\"attachment_2408\" style=\"width: 693px\" class=\"wp-caption aligncenter\"><img decoding=\"async\" aria-describedby=\"caption-attachment-2408\" class=\"wp-image-2408 size-large\" src=\"https:\/\/reginedatin.com\/wp-content\/uploads\/2021\/09\/IMG_20210910_220447-683x1024.jpg\" alt=\"Guebwiller Eglise Saint-L\u00e9ger\" width=\"683\" height=\"1024\" srcset=\"https:\/\/reginedatin.com\/wp-content\/uploads\/2021\/09\/IMG_20210910_220447-683x1024.jpg 683w, https:\/\/reginedatin.com\/wp-content\/uploads\/2021\/09\/IMG_20210910_220447-200x300.jpg 200w, https:\/\/reginedatin.com\/wp-content\/uploads\/2021\/09\/IMG_20210910_220447-768x1152.jpg 768w, https:\/\/reginedatin.com\/wp-content\/uploads\/2021\/09\/IMG_20210910_220447-1024x1536.jpg 1024w, https:\/\/reginedatin.com\/wp-content\/uploads\/2021\/09\/IMG_20210910_220447-1366x2048.jpg 1366w, https:\/\/reginedatin.com\/wp-content\/uploads\/2021\/09\/IMG_20210910_220447-1310x1965.jpg 1310w, https:\/\/reginedatin.com\/wp-content\/uploads\/2021\/09\/IMG_20210910_220447-800x1200.jpg 800w, https:\/\/reginedatin.com\/wp-content\/uploads\/2021\/09\/IMG_20210910_220447-scaled.jpg 1707w\" sizes=\"(max-width: 683px) 100vw, 683px\" \/><p id=\"caption-attachment-2408\" class=\"wp-caption-text\">Guebwiller Eglise Saint-L\u00e9ger<\/p><\/div>\r\n<p><\/p>\r\n<div style=\"width: 766px\" class=\"wp-caption aligncenter\"><img decoding=\"async\" class=\"wp-image-2406 size-large\" src=\"https:\/\/reginedatin.com\/wp-content\/uploads\/2021\/09\/IMG_20210910_215613-1024x768.jpg\" alt=\"Guebwiller Eglise Saint-L\u00e9ger\" width=\"756\" height=\"567\" srcset=\"https:\/\/reginedatin.com\/wp-content\/uploads\/2021\/09\/IMG_20210910_215613-1024x768.jpg 1024w, https:\/\/reginedatin.com\/wp-content\/uploads\/2021\/09\/IMG_20210910_215613-300x225.jpg 300w, https:\/\/reginedatin.com\/wp-content\/uploads\/2021\/09\/IMG_20210910_215613-768x576.jpg 768w, https:\/\/reginedatin.com\/wp-content\/uploads\/2021\/09\/IMG_20210910_215613-1536x1152.jpg 1536w, https:\/\/reginedatin.com\/wp-content\/uploads\/2021\/09\/IMG_20210910_215613-2048x1536.jpg 2048w, https:\/\/reginedatin.com\/wp-content\/uploads\/2021\/09\/IMG_20210910_215613-1310x983.jpg 1310w, https:\/\/reginedatin.com\/wp-content\/uploads\/2021\/09\/IMG_20210910_215613-800x600.jpg 800w\" sizes=\"(max-width: 756px) 100vw, 756px\" \/><p class=\"wp-caption-text\">Guebwiller Eglise Saint-L\u00e9ger<\/p><\/div>\r\n<div style=\"width: 693px\" class=\"wp-caption aligncenter\"><img loading=\"lazy\" decoding=\"async\" class=\"wp-image-2405 size-large\" src=\"https:\/\/reginedatin.com\/wp-content\/uploads\/2021\/09\/IMG_20210910_215024-683x1024.jpg\" alt=\"Guebwiller Eglise Saint-L\u00e9ger\" width=\"683\" height=\"1024\" srcset=\"https:\/\/reginedatin.com\/wp-content\/uploads\/2021\/09\/IMG_20210910_215024-683x1024.jpg 683w, https:\/\/reginedatin.com\/wp-content\/uploads\/2021\/09\/IMG_20210910_215024-200x300.jpg 200w, https:\/\/reginedatin.com\/wp-content\/uploads\/2021\/09\/IMG_20210910_215024-768x1152.jpg 768w, https:\/\/reginedatin.com\/wp-content\/uploads\/2021\/09\/IMG_20210910_215024-1024x1536.jpg 1024w, https:\/\/reginedatin.com\/wp-content\/uploads\/2021\/09\/IMG_20210910_215024-1365x2048.jpg 1365w, https:\/\/reginedatin.com\/wp-content\/uploads\/2021\/09\/IMG_20210910_215024-1310x1965.jpg 1310w, https:\/\/reginedatin.com\/wp-content\/uploads\/2021\/09\/IMG_20210910_215024-800x1200.jpg 800w, https:\/\/reginedatin.com\/wp-content\/uploads\/2021\/09\/IMG_20210910_215024-scaled.jpg 1706w\" sizes=\"(max-width: 683px) 100vw, 683px\" \/><p class=\"wp-caption-text\">Guebwiller Eglise Saint-L\u00e9ger<\/p><\/div>\r\n<div id=\"attachment_2430\" style=\"width: 693px\" class=\"wp-caption aligncenter\"><img loading=\"lazy\" decoding=\"async\" aria-describedby=\"caption-attachment-2430\" class=\"wp-image-2430 size-large\" src=\"https:\/\/reginedatin.com\/wp-content\/uploads\/2021\/09\/Alsace-2021-Guebwiller-Eglise-Saint-Leger-1400px-114921-683x1024.jpg\" alt=\"\" width=\"683\" height=\"1024\" srcset=\"https:\/\/reginedatin.com\/wp-content\/uploads\/2021\/09\/Alsace-2021-Guebwiller-Eglise-Saint-Leger-1400px-114921-683x1024.jpg 683w, https:\/\/reginedatin.com\/wp-content\/uploads\/2021\/09\/Alsace-2021-Guebwiller-Eglise-Saint-Leger-1400px-114921-200x300.jpg 200w, https:\/\/reginedatin.com\/wp-content\/uploads\/2021\/09\/Alsace-2021-Guebwiller-Eglise-Saint-Leger-1400px-114921-768x1152.jpg 768w, https:\/\/reginedatin.com\/wp-content\/uploads\/2021\/09\/Alsace-2021-Guebwiller-Eglise-Saint-Leger-1400px-114921-800x1200.jpg 800w, https:\/\/reginedatin.com\/wp-content\/uploads\/2021\/09\/Alsace-2021-Guebwiller-Eglise-Saint-Leger-1400px-114921.jpg 933w\" sizes=\"(max-width: 683px) 100vw, 683px\" \/><p id=\"caption-attachment-2430\" class=\"wp-caption-text\">Guebwiller Eglise Saint L\u00e9ger<\/p><\/div>\r\n<div style=\"width: 766px\" class=\"wp-caption aligncenter\"><img loading=\"lazy\" decoding=\"async\" class=\"wp-image-2414 size-large\" src=\"https:\/\/reginedatin.com\/wp-content\/uploads\/2021\/09\/IMG_20210910_223403-768x1024.jpg\" alt=\"Guebwiller Eglise Notre Dame\" width=\"756\" height=\"1008\" srcset=\"https:\/\/reginedatin.com\/wp-content\/uploads\/2021\/09\/IMG_20210910_223403-768x1024.jpg 768w, https:\/\/reginedatin.com\/wp-content\/uploads\/2021\/09\/IMG_20210910_223403-225x300.jpg 225w, https:\/\/reginedatin.com\/wp-content\/uploads\/2021\/09\/IMG_20210910_223403-1152x1536.jpg 1152w, https:\/\/reginedatin.com\/wp-content\/uploads\/2021\/09\/IMG_20210910_223403-1536x2048.jpg 1536w, https:\/\/reginedatin.com\/wp-content\/uploads\/2021\/09\/IMG_20210910_223403-1310x1746.jpg 1310w, https:\/\/reginedatin.com\/wp-content\/uploads\/2021\/09\/IMG_20210910_223403-800x1066.jpg 800w, https:\/\/reginedatin.com\/wp-content\/uploads\/2021\/09\/IMG_20210910_223403-scaled.jpg 1921w\" sizes=\"(max-width: 756px) 100vw, 756px\" \/><p class=\"wp-caption-text\">Guebwiller Eglise Notre Dame<\/p><\/div>\r\n<div style=\"width: 766px\" class=\"wp-caption aligncenter\"><img loading=\"lazy\" decoding=\"async\" class=\"wp-image-2396 size-large\" src=\"https:\/\/reginedatin.com\/wp-content\/uploads\/2021\/09\/IMG_20210910_203326-767x1024.jpg\" alt=\"Guebwiller Eglise Notre Dame\" width=\"756\" height=\"1009\" srcset=\"https:\/\/reginedatin.com\/wp-content\/uploads\/2021\/09\/IMG_20210910_203326-767x1024.jpg 767w, https:\/\/reginedatin.com\/wp-content\/uploads\/2021\/09\/IMG_20210910_203326-225x300.jpg 225w, https:\/\/reginedatin.com\/wp-content\/uploads\/2021\/09\/IMG_20210910_203326-768x1025.jpg 768w, https:\/\/reginedatin.com\/wp-content\/uploads\/2021\/09\/IMG_20210910_203326-1151x1536.jpg 1151w, https:\/\/reginedatin.com\/wp-content\/uploads\/2021\/09\/IMG_20210910_203326-1535x2048.jpg 1535w, https:\/\/reginedatin.com\/wp-content\/uploads\/2021\/09\/IMG_20210910_203326-1310x1748.jpg 1310w, https:\/\/reginedatin.com\/wp-content\/uploads\/2021\/09\/IMG_20210910_203326-800x1068.jpg 800w, https:\/\/reginedatin.com\/wp-content\/uploads\/2021\/09\/IMG_20210910_203326-scaled.jpg 1918w\" sizes=\"(max-width: 756px) 100vw, 756px\" \/><p class=\"wp-caption-text\">Guebwiller Eglise Notre Dame<\/p><\/div>\r\n<div style=\"width: 766px\" class=\"wp-caption aligncenter\"><img loading=\"lazy\" decoding=\"async\" class=\"wp-image-2397 size-large\" src=\"https:\/\/reginedatin.com\/wp-content\/uploads\/2021\/09\/IMG_20210910_204417-768x1024.jpg\" alt=\"Guebwiller Eglise Notre Dame\" width=\"756\" height=\"1008\" srcset=\"https:\/\/reginedatin.com\/wp-content\/uploads\/2021\/09\/IMG_20210910_204417-768x1024.jpg 768w, https:\/\/reginedatin.com\/wp-content\/uploads\/2021\/09\/IMG_20210910_204417-225x300.jpg 225w, https:\/\/reginedatin.com\/wp-content\/uploads\/2021\/09\/IMG_20210910_204417-1152x1536.jpg 1152w, https:\/\/reginedatin.com\/wp-content\/uploads\/2021\/09\/IMG_20210910_204417-1536x2048.jpg 1536w, https:\/\/reginedatin.com\/wp-content\/uploads\/2021\/09\/IMG_20210910_204417-1310x1747.jpg 1310w, https:\/\/reginedatin.com\/wp-content\/uploads\/2021\/09\/IMG_20210910_204417-800x1067.jpg 800w, https:\/\/reginedatin.com\/wp-content\/uploads\/2021\/09\/IMG_20210910_204417-scaled.jpg 1920w\" sizes=\"(max-width: 756px) 100vw, 756px\" \/><p class=\"wp-caption-text\">Guebwiller Eglise Notre Dame<\/p><\/div>\r\n<div style=\"width: 766px\" class=\"wp-caption aligncenter\"><img loading=\"lazy\" decoding=\"async\" class=\"wp-image-2394 size-large\" src=\"https:\/\/reginedatin.com\/wp-content\/uploads\/2021\/09\/IMG_20210910_202948-768x1024.jpg\" alt=\"Guebwiller Eglise Notre Dame\" width=\"756\" height=\"1008\" srcset=\"https:\/\/reginedatin.com\/wp-content\/uploads\/2021\/09\/IMG_20210910_202948-768x1024.jpg 768w, https:\/\/reginedatin.com\/wp-content\/uploads\/2021\/09\/IMG_20210910_202948-225x300.jpg 225w, https:\/\/reginedatin.com\/wp-content\/uploads\/2021\/09\/IMG_20210910_202948-1152x1536.jpg 1152w, https:\/\/reginedatin.com\/wp-content\/uploads\/2021\/09\/IMG_20210910_202948-1536x2048.jpg 1536w, https:\/\/reginedatin.com\/wp-content\/uploads\/2021\/09\/IMG_20210910_202948-1310x1747.jpg 1310w, https:\/\/reginedatin.com\/wp-content\/uploads\/2021\/09\/IMG_20210910_202948-800x1067.jpg 800w, https:\/\/reginedatin.com\/wp-content\/uploads\/2021\/09\/IMG_20210910_202948-scaled.jpg 1920w\" sizes=\"(max-width: 756px) 100vw, 756px\" \/><p class=\"wp-caption-text\">Guebwiller Eglise Notre Dame<\/p><\/div>\r\n<div style=\"width: 766px\" class=\"wp-caption aligncenter\"><img loading=\"lazy\" decoding=\"async\" class=\"wp-image-2395 size-large\" src=\"https:\/\/reginedatin.com\/wp-content\/uploads\/2021\/09\/IMG_20210910_203052-768x1024.jpg\" alt=\"Guebwiller Eglise Notre Dame\" width=\"756\" height=\"1008\" srcset=\"https:\/\/reginedatin.com\/wp-content\/uploads\/2021\/09\/IMG_20210910_203052-768x1024.jpg 768w, https:\/\/reginedatin.com\/wp-content\/uploads\/2021\/09\/IMG_20210910_203052-225x300.jpg 225w, https:\/\/reginedatin.com\/wp-content\/uploads\/2021\/09\/IMG_20210910_203052-1152x1536.jpg 1152w, https:\/\/reginedatin.com\/wp-content\/uploads\/2021\/09\/IMG_20210910_203052-1536x2048.jpg 1536w, https:\/\/reginedatin.com\/wp-content\/uploads\/2021\/09\/IMG_20210910_203052-1310x1747.jpg 1310w, https:\/\/reginedatin.com\/wp-content\/uploads\/2021\/09\/IMG_20210910_203052-800x1067.jpg 800w, https:\/\/reginedatin.com\/wp-content\/uploads\/2021\/09\/IMG_20210910_203052-scaled.jpg 1920w\" sizes=\"(max-width: 756px) 100vw, 756px\" \/><p class=\"wp-caption-text\">Guebwiller Eglise Notre Dame<\/p><\/div>\r\n<div style=\"width: 766px\" class=\"wp-caption aligncenter\"><img loading=\"lazy\" decoding=\"async\" class=\"wp-image-2400 size-large\" src=\"https:\/\/reginedatin.com\/wp-content\/uploads\/2021\/09\/IMG_20210910_205604-768x1024.jpg\" alt=\"Guebwiller Eglise Notre Dame\" width=\"756\" height=\"1008\" srcset=\"https:\/\/reginedatin.com\/wp-content\/uploads\/2021\/09\/IMG_20210910_205604-768x1024.jpg 768w, https:\/\/reginedatin.com\/wp-content\/uploads\/2021\/09\/IMG_20210910_205604-225x300.jpg 225w, https:\/\/reginedatin.com\/wp-content\/uploads\/2021\/09\/IMG_20210910_205604-1152x1536.jpg 1152w, https:\/\/reginedatin.com\/wp-content\/uploads\/2021\/09\/IMG_20210910_205604-1536x2048.jpg 1536w, https:\/\/reginedatin.com\/wp-content\/uploads\/2021\/09\/IMG_20210910_205604-1310x1746.jpg 1310w, https:\/\/reginedatin.com\/wp-content\/uploads\/2021\/09\/IMG_20210910_205604-800x1066.jpg 800w, https:\/\/reginedatin.com\/wp-content\/uploads\/2021\/09\/IMG_20210910_205604-scaled.jpg 1920w\" sizes=\"(max-width: 756px) 100vw, 756px\" \/><p class=\"wp-caption-text\">Guebwiller Eglise Notre Dame<\/p><\/div>\r\n<div style=\"width: 766px\" class=\"wp-caption aligncenter\"><img loading=\"lazy\" decoding=\"async\" class=\"wp-image-2398 size-large\" src=\"https:\/\/reginedatin.com\/wp-content\/uploads\/2021\/09\/IMG_20210910_204653-768x1024.jpg\" alt=\"Guebwiller Eglise Notre Dame\" width=\"756\" height=\"1008\" srcset=\"https:\/\/reginedatin.com\/wp-content\/uploads\/2021\/09\/IMG_20210910_204653-768x1024.jpg 768w, https:\/\/reginedatin.com\/wp-content\/uploads\/2021\/09\/IMG_20210910_204653-225x300.jpg 225w, https:\/\/reginedatin.com\/wp-content\/uploads\/2021\/09\/IMG_20210910_204653-1152x1536.jpg 1152w, https:\/\/reginedatin.com\/wp-content\/uploads\/2021\/09\/IMG_20210910_204653-1536x2048.jpg 1536w, https:\/\/reginedatin.com\/wp-content\/uploads\/2021\/09\/IMG_20210910_204653-1310x1747.jpg 1310w, https:\/\/reginedatin.com\/wp-content\/uploads\/2021\/09\/IMG_20210910_204653-800x1067.jpg 800w, https:\/\/reginedatin.com\/wp-content\/uploads\/2021\/09\/IMG_20210910_204653-scaled.jpg 1920w\" sizes=\"(max-width: 756px) 100vw, 756px\" \/><p class=\"wp-caption-text\">Guebwiller Eglise Notre Dame<\/p><\/div>\r\n<div style=\"width: 766px\" class=\"wp-caption aligncenter\"><img loading=\"lazy\" decoding=\"async\" class=\"wp-image-2399 size-large\" src=\"https:\/\/reginedatin.com\/wp-content\/uploads\/2021\/09\/IMG_20210910_204854-768x1024.jpg\" alt=\"Guebwiller Eglise Notre Dame\" width=\"756\" height=\"1008\" srcset=\"https:\/\/reginedatin.com\/wp-content\/uploads\/2021\/09\/IMG_20210910_204854-768x1024.jpg 768w, https:\/\/reginedatin.com\/wp-content\/uploads\/2021\/09\/IMG_20210910_204854-225x300.jpg 225w, https:\/\/reginedatin.com\/wp-content\/uploads\/2021\/09\/IMG_20210910_204854-1152x1536.jpg 1152w, https:\/\/reginedatin.com\/wp-content\/uploads\/2021\/09\/IMG_20210910_204854-1536x2048.jpg 1536w, https:\/\/reginedatin.com\/wp-content\/uploads\/2021\/09\/IMG_20210910_204854-1310x1746.jpg 1310w, https:\/\/reginedatin.com\/wp-content\/uploads\/2021\/09\/IMG_20210910_204854-800x1066.jpg 800w, https:\/\/reginedatin.com\/wp-content\/uploads\/2021\/09\/IMG_20210910_204854-scaled.jpg 1921w\" sizes=\"(max-width: 756px) 100vw, 756px\" \/><p class=\"wp-caption-text\">Guebwiller Eglise Notre Dame<\/p><\/div>\r\n<div id=\"attachment_2412\" style=\"width: 766px\" class=\"wp-caption aligncenter\"><img loading=\"lazy\" decoding=\"async\" aria-describedby=\"caption-attachment-2412\" class=\"wp-image-2412 size-large\" src=\"https:\/\/reginedatin.com\/wp-content\/uploads\/2021\/09\/IMG_20210910_222854-1024x768.jpg\" alt=\"Guebwiller Eglise Saint-L\u00e9ger\" width=\"756\" height=\"567\" srcset=\"https:\/\/reginedatin.com\/wp-content\/uploads\/2021\/09\/IMG_20210910_222854-1024x768.jpg 1024w, https:\/\/reginedatin.com\/wp-content\/uploads\/2021\/09\/IMG_20210910_222854-300x225.jpg 300w, https:\/\/reginedatin.com\/wp-content\/uploads\/2021\/09\/IMG_20210910_222854-768x576.jpg 768w, https:\/\/reginedatin.com\/wp-content\/uploads\/2021\/09\/IMG_20210910_222854-1536x1152.jpg 1536w, https:\/\/reginedatin.com\/wp-content\/uploads\/2021\/09\/IMG_20210910_222854-2048x1536.jpg 2048w, https:\/\/reginedatin.com\/wp-content\/uploads\/2021\/09\/IMG_20210910_222854-1310x983.jpg 1310w, https:\/\/reginedatin.com\/wp-content\/uploads\/2021\/09\/IMG_20210910_222854-800x600.jpg 800w\" sizes=\"(max-width: 756px) 100vw, 756px\" \/><p id=\"caption-attachment-2412\" class=\"wp-caption-text\">Guebwiller Eglise Notre Dame<\/p><\/div>\r\n<div id=\"attachment_2431\" style=\"width: 759px\" class=\"wp-caption aligncenter\"><img loading=\"lazy\" decoding=\"async\" aria-describedby=\"caption-attachment-2431\" class=\"wp-image-2431 size-large\" src=\"https:\/\/reginedatin.com\/wp-content\/uploads\/2021\/09\/Alsace-2021-Mulhouse-Eglise-Sainte-Marie-1400px-174501-749x1024.jpg\" alt=\"Alsace 2021 Mulhouse Eglise Sainte Marie \" width=\"749\" height=\"1024\" srcset=\"https:\/\/reginedatin.com\/wp-content\/uploads\/2021\/09\/Alsace-2021-Mulhouse-Eglise-Sainte-Marie-1400px-174501-749x1024.jpg 749w, https:\/\/reginedatin.com\/wp-content\/uploads\/2021\/09\/Alsace-2021-Mulhouse-Eglise-Sainte-Marie-1400px-174501-219x300.jpg 219w, https:\/\/reginedatin.com\/wp-content\/uploads\/2021\/09\/Alsace-2021-Mulhouse-Eglise-Sainte-Marie-1400px-174501-768x1050.jpg 768w, https:\/\/reginedatin.com\/wp-content\/uploads\/2021\/09\/Alsace-2021-Mulhouse-Eglise-Sainte-Marie-1400px-174501-800x1094.jpg 800w, https:\/\/reginedatin.com\/wp-content\/uploads\/2021\/09\/Alsace-2021-Mulhouse-Eglise-Sainte-Marie-1400px-174501.jpg 1024w\" sizes=\"(max-width: 749px) 100vw, 749px\" \/><p id=\"caption-attachment-2431\" class=\"wp-caption-text\">Mulhouse Eglise Sainte Marie<\/p><\/div>\r\n<div id=\"attachment_2432\" style=\"width: 692px\" class=\"wp-caption aligncenter\"><img loading=\"lazy\" decoding=\"async\" aria-describedby=\"caption-attachment-2432\" class=\"wp-image-2432 size-large\" src=\"https:\/\/reginedatin.com\/wp-content\/uploads\/2021\/09\/Alsace-2021-Mulhouse-Temple-Saint-Etienne-1400px-174708-682x1024.jpg\" alt=\"Alsace 2021 Mulhouse Temple Saint Etienne 1400px-174708\" width=\"682\" height=\"1024\" srcset=\"https:\/\/reginedatin.com\/wp-content\/uploads\/2021\/09\/Alsace-2021-Mulhouse-Temple-Saint-Etienne-1400px-174708-682x1024.jpg 682w, https:\/\/reginedatin.com\/wp-content\/uploads\/2021\/09\/Alsace-2021-Mulhouse-Temple-Saint-Etienne-1400px-174708-200x300.jpg 200w, https:\/\/reginedatin.com\/wp-content\/uploads\/2021\/09\/Alsace-2021-Mulhouse-Temple-Saint-Etienne-1400px-174708-768x1152.jpg 768w, https:\/\/reginedatin.com\/wp-content\/uploads\/2021\/09\/Alsace-2021-Mulhouse-Temple-Saint-Etienne-1400px-174708-800x1200.jpg 800w, https:\/\/reginedatin.com\/wp-content\/uploads\/2021\/09\/Alsace-2021-Mulhouse-Temple-Saint-Etienne-1400px-174708.jpg 933w\" sizes=\"(max-width: 682px) 100vw, 682px\" \/><p id=\"caption-attachment-2432\" class=\"wp-caption-text\">Mulhouse Temple Saint Etienne<\/p><\/div>","protected":false},"excerpt":{"rendered":"<p>&nbsp; Peut-\u00eatre que comme moi, vous aussi vous visitez les \u00e9glises partout o\u00f9 vous s\u00e9journez occasionnellement ! Alors vous pouvez comprendre cette \u00ab\u00a0motivation\u00a0\u00bb pour ces incursions silencieuses et respectueuses dans les lieux de cultes foisonnants de tr\u00e9sors et d\u00e9tails architecturaux.Rien \u00e0 voir avec la Religion, mais bien avec l&rsquo;admiration pour ces constructeurs d&rsquo;Histoire et de beaut\u00e9 qui vous imposent une forme d&rsquo;humilit\u00e9.Je reste impressionn\u00e9e par la grandeur et la majest\u00e9 de ces \u00e9difices et les \u00ab\u00a0\u0153uvres d&rsquo;art\u00a0\u00bb qu&rsquo;ils abritent en [&hellip;]<\/p>\n","protected":false},"author":1,"featured_media":2412,"comment_status":"open","ping_status":"open","sticky":false,"template":"","format":"standard","meta":{"footnotes":""},"categories":[21],"tags":[],"class_list":["post-2382","post","type-post","status-publish","format-standard","has-post-thumbnail","hentry","category-mes-pas-me-portent"],"yoast_head":"<!-- This site is optimized with the Yoast SEO plugin v27.5 - https:\/\/yoast.com\/product\/yoast-seo-wordpress\/ -->\n<title>Ch\u0153urs de nos r\u00e9gions, Guebwiller\/Mulhouse-Alsace &#171; R\u00e9gine Datin Photographie<\/title>\n<meta name=\"robots\" content=\"index, follow, max-snippet:-1, max-image-preview:large, max-video-preview:-1\" \/>\n<link rel=\"canonical\" href=\"https:\/\/reginedatin.com\/index.php\/2021\/09\/14\/choeurs-de-nos-regions-guebwiller-alsace\/\" \/>\n<meta property=\"og:locale\" content=\"fr_FR\" \/>\n<meta property=\"og:type\" content=\"article\" \/>\n<meta property=\"og:title\" content=\"Ch\u0153urs de nos r\u00e9gions, Guebwiller\/Mulhouse-Alsace &#171; R\u00e9gine Datin Photographie\" \/>\n<meta property=\"og:description\" content=\"&nbsp; Peut-\u00eatre que comme moi, vous aussi vous visitez les \u00e9glises partout o\u00f9 vous s\u00e9journez occasionnellement ! Alors vous pouvez comprendre cette \u00ab\u00a0motivation\u00a0\u00bb pour ces incursions silencieuses et respectueuses dans les lieux de cultes foisonnants de tr\u00e9sors et d\u00e9tails architecturaux.Rien \u00e0 voir avec la Religion, mais bien avec l&rsquo;admiration pour ces constructeurs d&rsquo;Histoire et de beaut\u00e9 qui vous imposent une forme d&rsquo;humilit\u00e9.Je reste impressionn\u00e9e par la grandeur et la majest\u00e9 de ces \u00e9difices et les \u00ab\u00a0\u0153uvres d&rsquo;art\u00a0\u00bb qu&rsquo;ils abritent en [&hellip;]\" \/>\n<meta property=\"og:url\" content=\"https:\/\/reginedatin.com\/index.php\/2021\/09\/14\/choeurs-de-nos-regions-guebwiller-alsace\/\" \/>\n<meta property=\"og:site_name\" content=\"R\u00e9gine Datin Photographie\" \/>\n<meta property=\"article:publisher\" content=\"https:\/\/www.facebook.com\/reginedatinphotographie\/\" \/>\n<meta property=\"article:published_time\" content=\"2021-09-14T20:21:31+00:00\" \/>\n<meta property=\"article:modified_time\" content=\"2022-03-26T21:47:40+00:00\" \/>\n<meta property=\"og:image\" content=\"https:\/\/reginedatin.com\/wp-content\/uploads\/2021\/09\/IMG_20210910_222854-scaled.jpg\" \/>\n\t<meta property=\"og:image:width\" content=\"2560\" \/>\n\t<meta property=\"og:image:height\" content=\"1920\" \/>\n\t<meta property=\"og:image:type\" content=\"image\/jpeg\" \/>\n<meta name=\"author\" content=\"R\u00e9gine\" \/>\n<meta name=\"twitter:card\" content=\"summary_large_image\" \/>\n<meta name=\"twitter:label1\" content=\"\u00c9crit par\" \/>\n\t<meta name=\"twitter:data1\" content=\"R\u00e9gine\" \/>\n\t<meta name=\"twitter:label2\" content=\"Dur\u00e9e de lecture estim\u00e9e\" \/>\n\t<meta name=\"twitter:data2\" content=\"5 minutes\" \/>\n<script type=\"application\/ld+json\" class=\"yoast-schema-graph\">{\"@context\":\"https:\\\/\\\/schema.org\",\"@graph\":[{\"@type\":\"Article\",\"@id\":\"https:\\\/\\\/reginedatin.com\\\/index.php\\\/2021\\\/09\\\/14\\\/choeurs-de-nos-regions-guebwiller-alsace\\\/#article\",\"isPartOf\":{\"@id\":\"https:\\\/\\\/reginedatin.com\\\/index.php\\\/2021\\\/09\\\/14\\\/choeurs-de-nos-regions-guebwiller-alsace\\\/\"},\"author\":{\"name\":\"R\u00e9gine\",\"@id\":\"https:\\\/\\\/reginedatin.com\\\/#\\\/schema\\\/person\\\/b66ac0eb09a551897d6a6482ea860525\"},\"headline\":\"Ch\u0153urs de nos r\u00e9gions, Guebwiller\\\/Mulhouse-Alsace\",\"datePublished\":\"2021-09-14T20:21:31+00:00\",\"dateModified\":\"2022-03-26T21:47:40+00:00\",\"mainEntityOfPage\":{\"@id\":\"https:\\\/\\\/reginedatin.com\\\/index.php\\\/2021\\\/09\\\/14\\\/choeurs-de-nos-regions-guebwiller-alsace\\\/\"},\"wordCount\":277,\"commentCount\":0,\"image\":{\"@id\":\"https:\\\/\\\/reginedatin.com\\\/index.php\\\/2021\\\/09\\\/14\\\/choeurs-de-nos-regions-guebwiller-alsace\\\/#primaryimage\"},\"thumbnailUrl\":\"https:\\\/\\\/reginedatin.com\\\/wp-content\\\/uploads\\\/2021\\\/09\\\/IMG_20210910_222854-scaled.jpg\",\"articleSection\":[\"Mes pas me portent...\"],\"inLanguage\":\"fr-FR\",\"potentialAction\":[{\"@type\":\"CommentAction\",\"name\":\"Comment\",\"target\":[\"https:\\\/\\\/reginedatin.com\\\/index.php\\\/2021\\\/09\\\/14\\\/choeurs-de-nos-regions-guebwiller-alsace\\\/#respond\"]}]},{\"@type\":\"WebPage\",\"@id\":\"https:\\\/\\\/reginedatin.com\\\/index.php\\\/2021\\\/09\\\/14\\\/choeurs-de-nos-regions-guebwiller-alsace\\\/\",\"url\":\"https:\\\/\\\/reginedatin.com\\\/index.php\\\/2021\\\/09\\\/14\\\/choeurs-de-nos-regions-guebwiller-alsace\\\/\",\"name\":\"Ch\u0153urs de nos r\u00e9gions, Guebwiller\\\/Mulhouse-Alsace &#171; R\u00e9gine Datin Photographie\",\"isPartOf\":{\"@id\":\"https:\\\/\\\/reginedatin.com\\\/#website\"},\"primaryImageOfPage\":{\"@id\":\"https:\\\/\\\/reginedatin.com\\\/index.php\\\/2021\\\/09\\\/14\\\/choeurs-de-nos-regions-guebwiller-alsace\\\/#primaryimage\"},\"image\":{\"@id\":\"https:\\\/\\\/reginedatin.com\\\/index.php\\\/2021\\\/09\\\/14\\\/choeurs-de-nos-regions-guebwiller-alsace\\\/#primaryimage\"},\"thumbnailUrl\":\"https:\\\/\\\/reginedatin.com\\\/wp-content\\\/uploads\\\/2021\\\/09\\\/IMG_20210910_222854-scaled.jpg\",\"datePublished\":\"2021-09-14T20:21:31+00:00\",\"dateModified\":\"2022-03-26T21:47:40+00:00\",\"author\":{\"@id\":\"https:\\\/\\\/reginedatin.com\\\/#\\\/schema\\\/person\\\/b66ac0eb09a551897d6a6482ea860525\"},\"breadcrumb\":{\"@id\":\"https:\\\/\\\/reginedatin.com\\\/index.php\\\/2021\\\/09\\\/14\\\/choeurs-de-nos-regions-guebwiller-alsace\\\/#breadcrumb\"},\"inLanguage\":\"fr-FR\",\"potentialAction\":[{\"@type\":\"ReadAction\",\"target\":[\"https:\\\/\\\/reginedatin.com\\\/index.php\\\/2021\\\/09\\\/14\\\/choeurs-de-nos-regions-guebwiller-alsace\\\/\"]}]},{\"@type\":\"ImageObject\",\"inLanguage\":\"fr-FR\",\"@id\":\"https:\\\/\\\/reginedatin.com\\\/index.php\\\/2021\\\/09\\\/14\\\/choeurs-de-nos-regions-guebwiller-alsace\\\/#primaryimage\",\"url\":\"https:\\\/\\\/reginedatin.com\\\/wp-content\\\/uploads\\\/2021\\\/09\\\/IMG_20210910_222854-scaled.jpg\",\"contentUrl\":\"https:\\\/\\\/reginedatin.com\\\/wp-content\\\/uploads\\\/2021\\\/09\\\/IMG_20210910_222854-scaled.jpg\",\"width\":2560,\"height\":1920,\"caption\":\"Guebwiller Eglise Saint-L\u00e9ger\"},{\"@type\":\"BreadcrumbList\",\"@id\":\"https:\\\/\\\/reginedatin.com\\\/index.php\\\/2021\\\/09\\\/14\\\/choeurs-de-nos-regions-guebwiller-alsace\\\/#breadcrumb\",\"itemListElement\":[{\"@type\":\"ListItem\",\"position\":1,\"name\":\"Accueil\",\"item\":\"https:\\\/\\\/reginedatin.com\\\/\"},{\"@type\":\"ListItem\",\"position\":2,\"name\":\"Ch\u0153urs de nos r\u00e9gions, Guebwiller\\\/Mulhouse-Alsace\"}]},{\"@type\":\"WebSite\",\"@id\":\"https:\\\/\\\/reginedatin.com\\\/#website\",\"url\":\"https:\\\/\\\/reginedatin.com\\\/\",\"name\":\"R\u00e9gine Datin Photographie\",\"description\":\"Empreinte d&#039;une heure, d&#039;un jour...\",\"potentialAction\":[{\"@type\":\"SearchAction\",\"target\":{\"@type\":\"EntryPoint\",\"urlTemplate\":\"https:\\\/\\\/reginedatin.com\\\/?s={search_term_string}\"},\"query-input\":{\"@type\":\"PropertyValueSpecification\",\"valueRequired\":true,\"valueName\":\"search_term_string\"}}],\"inLanguage\":\"fr-FR\"},{\"@type\":\"Person\",\"@id\":\"https:\\\/\\\/reginedatin.com\\\/#\\\/schema\\\/person\\\/b66ac0eb09a551897d6a6482ea860525\",\"name\":\"R\u00e9gine\",\"image\":{\"@type\":\"ImageObject\",\"inLanguage\":\"fr-FR\",\"@id\":\"https:\\\/\\\/secure.gravatar.com\\\/avatar\\\/1b3cd8fdc6d62cf332d2525ea039d3251625565928435a5a8ca996605310310a?s=96&d=mm&r=g\",\"url\":\"https:\\\/\\\/secure.gravatar.com\\\/avatar\\\/1b3cd8fdc6d62cf332d2525ea039d3251625565928435a5a8ca996605310310a?s=96&d=mm&r=g\",\"contentUrl\":\"https:\\\/\\\/secure.gravatar.com\\\/avatar\\\/1b3cd8fdc6d62cf332d2525ea039d3251625565928435a5a8ca996605310310a?s=96&d=mm&r=g\",\"caption\":\"R\u00e9gine\"},\"sameAs\":[\"http:\\\/\\\/www.reginedatin.com\"]}]}<\/script>\n<!-- \/ Yoast SEO plugin. -->","yoast_head_json":{"title":"Ch\u0153urs de nos r\u00e9gions, Guebwiller\/Mulhouse-Alsace &#171; R\u00e9gine Datin Photographie","robots":{"index":"index","follow":"follow","max-snippet":"max-snippet:-1","max-image-preview":"max-image-preview:large","max-video-preview":"max-video-preview:-1"},"canonical":"https:\/\/reginedatin.com\/index.php\/2021\/09\/14\/choeurs-de-nos-regions-guebwiller-alsace\/","og_locale":"fr_FR","og_type":"article","og_title":"Ch\u0153urs de nos r\u00e9gions, Guebwiller\/Mulhouse-Alsace &#171; R\u00e9gine Datin Photographie","og_description":"&nbsp; Peut-\u00eatre que comme moi, vous aussi vous visitez les \u00e9glises partout o\u00f9 vous s\u00e9journez occasionnellement ! Alors vous pouvez comprendre cette \u00ab\u00a0motivation\u00a0\u00bb pour ces incursions silencieuses et respectueuses dans les lieux de cultes foisonnants de tr\u00e9sors et d\u00e9tails architecturaux.Rien \u00e0 voir avec la Religion, mais bien avec l&rsquo;admiration pour ces constructeurs d&rsquo;Histoire et de beaut\u00e9 qui vous imposent une forme d&rsquo;humilit\u00e9.Je reste impressionn\u00e9e par la grandeur et la majest\u00e9 de ces \u00e9difices et les \u00ab\u00a0\u0153uvres d&rsquo;art\u00a0\u00bb qu&rsquo;ils abritent en [&hellip;]","og_url":"https:\/\/reginedatin.com\/index.php\/2021\/09\/14\/choeurs-de-nos-regions-guebwiller-alsace\/","og_site_name":"R\u00e9gine Datin Photographie","article_publisher":"https:\/\/www.facebook.com\/reginedatinphotographie\/","article_published_time":"2021-09-14T20:21:31+00:00","article_modified_time":"2022-03-26T21:47:40+00:00","og_image":[{"width":2560,"height":1920,"url":"https:\/\/reginedatin.com\/wp-content\/uploads\/2021\/09\/IMG_20210910_222854-scaled.jpg","type":"image\/jpeg"}],"author":"R\u00e9gine","twitter_card":"summary_large_image","twitter_misc":{"\u00c9crit par":"R\u00e9gine","Dur\u00e9e de lecture estim\u00e9e":"5 minutes"},"schema":{"@context":"https:\/\/schema.org","@graph":[{"@type":"Article","@id":"https:\/\/reginedatin.com\/index.php\/2021\/09\/14\/choeurs-de-nos-regions-guebwiller-alsace\/#article","isPartOf":{"@id":"https:\/\/reginedatin.com\/index.php\/2021\/09\/14\/choeurs-de-nos-regions-guebwiller-alsace\/"},"author":{"name":"R\u00e9gine","@id":"https:\/\/reginedatin.com\/#\/schema\/person\/b66ac0eb09a551897d6a6482ea860525"},"headline":"Ch\u0153urs de nos r\u00e9gions, Guebwiller\/Mulhouse-Alsace","datePublished":"2021-09-14T20:21:31+00:00","dateModified":"2022-03-26T21:47:40+00:00","mainEntityOfPage":{"@id":"https:\/\/reginedatin.com\/index.php\/2021\/09\/14\/choeurs-de-nos-regions-guebwiller-alsace\/"},"wordCount":277,"commentCount":0,"image":{"@id":"https:\/\/reginedatin.com\/index.php\/2021\/09\/14\/choeurs-de-nos-regions-guebwiller-alsace\/#primaryimage"},"thumbnailUrl":"https:\/\/reginedatin.com\/wp-content\/uploads\/2021\/09\/IMG_20210910_222854-scaled.jpg","articleSection":["Mes pas me portent..."],"inLanguage":"fr-FR","potentialAction":[{"@type":"CommentAction","name":"Comment","target":["https:\/\/reginedatin.com\/index.php\/2021\/09\/14\/choeurs-de-nos-regions-guebwiller-alsace\/#respond"]}]},{"@type":"WebPage","@id":"https:\/\/reginedatin.com\/index.php\/2021\/09\/14\/choeurs-de-nos-regions-guebwiller-alsace\/","url":"https:\/\/reginedatin.com\/index.php\/2021\/09\/14\/choeurs-de-nos-regions-guebwiller-alsace\/","name":"Ch\u0153urs de nos r\u00e9gions, Guebwiller\/Mulhouse-Alsace &#171; R\u00e9gine Datin Photographie","isPartOf":{"@id":"https:\/\/reginedatin.com\/#website"},"primaryImageOfPage":{"@id":"https:\/\/reginedatin.com\/index.php\/2021\/09\/14\/choeurs-de-nos-regions-guebwiller-alsace\/#primaryimage"},"image":{"@id":"https:\/\/reginedatin.com\/index.php\/2021\/09\/14\/choeurs-de-nos-regions-guebwiller-alsace\/#primaryimage"},"thumbnailUrl":"https:\/\/reginedatin.com\/wp-content\/uploads\/2021\/09\/IMG_20210910_222854-scaled.jpg","datePublished":"2021-09-14T20:21:31+00:00","dateModified":"2022-03-26T21:47:40+00:00","author":{"@id":"https:\/\/reginedatin.com\/#\/schema\/person\/b66ac0eb09a551897d6a6482ea860525"},"breadcrumb":{"@id":"https:\/\/reginedatin.com\/index.php\/2021\/09\/14\/choeurs-de-nos-regions-guebwiller-alsace\/#breadcrumb"},"inLanguage":"fr-FR","potentialAction":[{"@type":"ReadAction","target":["https:\/\/reginedatin.com\/index.php\/2021\/09\/14\/choeurs-de-nos-regions-guebwiller-alsace\/"]}]},{"@type":"ImageObject","inLanguage":"fr-FR","@id":"https:\/\/reginedatin.com\/index.php\/2021\/09\/14\/choeurs-de-nos-regions-guebwiller-alsace\/#primaryimage","url":"https:\/\/reginedatin.com\/wp-content\/uploads\/2021\/09\/IMG_20210910_222854-scaled.jpg","contentUrl":"https:\/\/reginedatin.com\/wp-content\/uploads\/2021\/09\/IMG_20210910_222854-scaled.jpg","width":2560,"height":1920,"caption":"Guebwiller Eglise Saint-L\u00e9ger"},{"@type":"BreadcrumbList","@id":"https:\/\/reginedatin.com\/index.php\/2021\/09\/14\/choeurs-de-nos-regions-guebwiller-alsace\/#breadcrumb","itemListElement":[{"@type":"ListItem","position":1,"name":"Accueil","item":"https:\/\/reginedatin.com\/"},{"@type":"ListItem","position":2,"name":"Ch\u0153urs de nos r\u00e9gions, Guebwiller\/Mulhouse-Alsace"}]},{"@type":"WebSite","@id":"https:\/\/reginedatin.com\/#website","url":"https:\/\/reginedatin.com\/","name":"R\u00e9gine Datin Photographie","description":"Empreinte d&#039;une heure, d&#039;un jour...","potentialAction":[{"@type":"SearchAction","target":{"@type":"EntryPoint","urlTemplate":"https:\/\/reginedatin.com\/?s={search_term_string}"},"query-input":{"@type":"PropertyValueSpecification","valueRequired":true,"valueName":"search_term_string"}}],"inLanguage":"fr-FR"},{"@type":"Person","@id":"https:\/\/reginedatin.com\/#\/schema\/person\/b66ac0eb09a551897d6a6482ea860525","name":"R\u00e9gine","image":{"@type":"ImageObject","inLanguage":"fr-FR","@id":"https:\/\/secure.gravatar.com\/avatar\/1b3cd8fdc6d62cf332d2525ea039d3251625565928435a5a8ca996605310310a?s=96&d=mm&r=g","url":"https:\/\/secure.gravatar.com\/avatar\/1b3cd8fdc6d62cf332d2525ea039d3251625565928435a5a8ca996605310310a?s=96&d=mm&r=g","contentUrl":"https:\/\/secure.gravatar.com\/avatar\/1b3cd8fdc6d62cf332d2525ea039d3251625565928435a5a8ca996605310310a?s=96&d=mm&r=g","caption":"R\u00e9gine"},"sameAs":["http:\/\/www.reginedatin.com"]}]}},"_links":{"self":[{"href":"https:\/\/reginedatin.com\/index.php\/wp-json\/wp\/v2\/posts\/2382","targetHints":{"allow":["GET"]}}],"collection":[{"href":"https:\/\/reginedatin.com\/index.php\/wp-json\/wp\/v2\/posts"}],"about":[{"href":"https:\/\/reginedatin.com\/index.php\/wp-json\/wp\/v2\/types\/post"}],"author":[{"embeddable":true,"href":"https:\/\/reginedatin.com\/index.php\/wp-json\/wp\/v2\/users\/1"}],"replies":[{"embeddable":true,"href":"https:\/\/reginedatin.com\/index.php\/wp-json\/wp\/v2\/comments?post=2382"}],"version-history":[{"count":11,"href":"https:\/\/reginedatin.com\/index.php\/wp-json\/wp\/v2\/posts\/2382\/revisions"}],"predecessor-version":[{"id":2435,"href":"https:\/\/reginedatin.com\/index.php\/wp-json\/wp\/v2\/posts\/2382\/revisions\/2435"}],"wp:featuredmedia":[{"embeddable":true,"href":"https:\/\/reginedatin.com\/index.php\/wp-json\/wp\/v2\/media\/2412"}],"wp:attachment":[{"href":"https:\/\/reginedatin.com\/index.php\/wp-json\/wp\/v2\/media?parent=2382"}],"wp:term":[{"taxonomy":"category","embeddable":true,"href":"https:\/\/reginedatin.com\/index.php\/wp-json\/wp\/v2\/categories?post=2382"},{"taxonomy":"post_tag","embeddable":true,"href":"https:\/\/reginedatin.com\/index.php\/wp-json\/wp\/v2\/tags?post=2382"}],"curies":[{"name":"wp","href":"https:\/\/api.w.org\/{rel}","templated":true}]}}