{"id":2485,"date":"2022-03-26T22:43:04","date_gmt":"2022-03-26T21:43:04","guid":{"rendered":"http:\/\/reginedatin.com\/?p=2485"},"modified":"2023-05-03T19:17:37","modified_gmt":"2023-05-03T17:17:37","slug":"villa-majorelle-interieur-2022","status":"publish","type":"post","link":"https:\/\/reginedatin.com\/index.php\/2022\/03\/26\/villa-majorelle-interieur-2022\/","title":{"rendered":"Villa Majorelle, int\u00e9rieur 2022"},"content":{"rendered":"<p>Bienvenue chez Jane et Louis Majorelle<\/p>\n<p>Ils vous accueillent, enfin,\u00a0 apr\u00e8s <span style=\"font-size: 14.4px;\">une reconstitution fid\u00e8le des d\u00e9cors d\u2019origine dans leur c\u00e9l\u00e8bre maison \u00e9difi\u00e9e en 1901\/1902.<\/span><\/p>\n<p>La Villa Majorelle, jumel\u00e9e au Mus\u00e9e de l&rsquo;Ecole de Nancy, a r\u00e9ouvert ses portes, partiellement, au public mi f\u00e9vrier 2020, apr\u00e8s environ deux ann\u00e9es de travaux\u00a0 de restauration int\u00e9rieure.<\/p>\n<p>Je vous propose une rapide d\u00e9couverte des lieux en vid\u00e9o, histoire de vous donner une id\u00e9e&#8230; une envie, peut-\u00eatre, aussi d&rsquo;aller visiter ce superbe lieu, embl\u00e8me de l&rsquo;Histoire de Nancy et de son Ecole.<\/p>\n<p>On a h\u00e2te que la restauration du 2d \u00e9tage soit achev\u00e9e (2024), avec la d\u00e9couverte de l&rsquo;Atelier du Ma\u00eetre ! \ud83d\ude42<\/p>\n<p>Pour l&rsquo;Histoire c&rsquo;est par [ <a href=\"https:\/\/musee-ecole-de-nancy.nancy.fr\/la-villa-majorelle-2887.html\">ici<\/a> ] et pour une r\u00e9sa visite c&rsquo;est aussi par [ <a href=\"https:\/\/villamajorelle-nancy.tickeasy.com\/fr-FR\/billetterie\">l\u00e0<\/a>\u00a0 ]\u00a0 \ud83d\ude09<\/p>\n<p>Bonne visite !<\/p>\n<div style=\"width: 756px;\" class=\"wp-video\"><video class=\"wp-video-shortcode\" id=\"video-2485-1\" width=\"756\" height=\"425\" preload=\"metadata\" controls=\"controls\"><source type=\"video\/mp4\" src=\"https:\/\/reginedatin.com\/wp-content\/uploads\/2022\/03\/Villa-Majorelle-2022-Interieur-HD-video-windows.mp4?_=1\" \/><a href=\"https:\/\/reginedatin.com\/wp-content\/uploads\/2022\/03\/Villa-Majorelle-2022-Interieur-HD-video-windows.mp4\">https:\/\/reginedatin.com\/wp-content\/uploads\/2022\/03\/Villa-Majorelle-2022-Interieur-HD-video-windows.mp4<\/a><\/video><\/div>\n<p>&nbsp;<\/p>\n","protected":false},"excerpt":{"rendered":"<p>Bienvenue chez Jane et Louis Majorelle Ils vous accueillent, enfin,\u00a0 apr\u00e8s une reconstitution fid\u00e8le des d\u00e9cors d\u2019origine dans leur c\u00e9l\u00e8bre maison \u00e9difi\u00e9e en 1901\/1902. La Villa Majorelle, jumel\u00e9e au Mus\u00e9e de l&rsquo;Ecole de Nancy, a r\u00e9ouvert ses portes, partiellement, au public mi f\u00e9vrier 2020, apr\u00e8s environ deux ann\u00e9es de travaux\u00a0 de restauration int\u00e9rieure. Je vous propose une rapide d\u00e9couverte des lieux en vid\u00e9o, histoire de vous donner une id\u00e9e&#8230; une envie, peut-\u00eatre, aussi d&rsquo;aller visiter ce superbe lieu, embl\u00e8me de [&hellip;]<\/p>\n","protected":false},"author":1,"featured_media":2486,"comment_status":"open","ping_status":"open","sticky":false,"template":"","format":"image","meta":{"footnotes":""},"categories":[21],"tags":[],"class_list":["post-2485","post","type-post","status-publish","format-image","has-post-thumbnail","hentry","category-mes-pas-me-portent","post_format-post-format-image"],"yoast_head":"<!-- This site is optimized with the Yoast SEO plugin v27.5 - https:\/\/yoast.com\/product\/yoast-seo-wordpress\/ -->\n<title>Villa Majorelle, int\u00e9rieur 2022 &#171; R\u00e9gine Datin Photographie<\/title>\n<meta name=\"robots\" content=\"index, follow, max-snippet:-1, max-image-preview:large, max-video-preview:-1\" \/>\n<link rel=\"canonical\" href=\"https:\/\/reginedatin.com\/index.php\/2022\/03\/26\/villa-majorelle-interieur-2022\/\" \/>\n<meta property=\"og:locale\" content=\"fr_FR\" \/>\n<meta property=\"og:type\" content=\"article\" \/>\n<meta property=\"og:title\" content=\"Villa Majorelle, int\u00e9rieur 2022 &#171; R\u00e9gine Datin Photographie\" \/>\n<meta property=\"og:description\" content=\"Bienvenue chez Jane et Louis Majorelle Ils vous accueillent, enfin,\u00a0 apr\u00e8s une reconstitution fid\u00e8le des d\u00e9cors d\u2019origine dans leur c\u00e9l\u00e8bre maison \u00e9difi\u00e9e en 1901\/1902. La Villa Majorelle, jumel\u00e9e au Mus\u00e9e de l&rsquo;Ecole de Nancy, a r\u00e9ouvert ses portes, partiellement, au public mi f\u00e9vrier 2020, apr\u00e8s environ deux ann\u00e9es de travaux\u00a0 de restauration int\u00e9rieure. Je vous propose une rapide d\u00e9couverte des lieux en vid\u00e9o, histoire de vous donner une id\u00e9e&#8230; une envie, peut-\u00eatre, aussi d&rsquo;aller visiter ce superbe lieu, embl\u00e8me de [&hellip;]\" \/>\n<meta property=\"og:url\" content=\"https:\/\/reginedatin.com\/index.php\/2022\/03\/26\/villa-majorelle-interieur-2022\/\" \/>\n<meta property=\"og:site_name\" content=\"R\u00e9gine Datin Photographie\" \/>\n<meta property=\"article:publisher\" content=\"https:\/\/www.facebook.com\/reginedatinphotographie\/\" \/>\n<meta property=\"article:published_time\" content=\"2022-03-26T21:43:04+00:00\" \/>\n<meta property=\"article:modified_time\" content=\"2023-05-03T17:17:37+00:00\" \/>\n<meta property=\"og:image\" content=\"https:\/\/reginedatin.com\/wp-content\/uploads\/2022\/03\/Villa-Majorelle-Cage-Escaliers-Lustre-Majorelle-Gruber-Daum-TR08-1400PX-2474.jpg\" \/>\n\t<meta property=\"og:image:width\" content=\"1399\" \/>\n\t<meta property=\"og:image:height\" content=\"934\" \/>\n\t<meta property=\"og:image:type\" content=\"image\/jpeg\" \/>\n<meta name=\"author\" content=\"R\u00e9gine\" \/>\n<meta name=\"twitter:card\" content=\"summary_large_image\" \/>\n<meta name=\"twitter:label1\" content=\"\u00c9crit par\" \/>\n\t<meta name=\"twitter:data1\" content=\"R\u00e9gine\" \/>\n\t<meta name=\"twitter:label2\" content=\"Dur\u00e9e de lecture estim\u00e9e\" \/>\n\t<meta name=\"twitter:data2\" content=\"1 minute\" \/>\n<script type=\"application\/ld+json\" class=\"yoast-schema-graph\">{\"@context\":\"https:\\\/\\\/schema.org\",\"@graph\":[{\"@type\":\"Article\",\"@id\":\"https:\\\/\\\/reginedatin.com\\\/index.php\\\/2022\\\/03\\\/26\\\/villa-majorelle-interieur-2022\\\/#article\",\"isPartOf\":{\"@id\":\"https:\\\/\\\/reginedatin.com\\\/index.php\\\/2022\\\/03\\\/26\\\/villa-majorelle-interieur-2022\\\/\"},\"author\":{\"name\":\"R\u00e9gine\",\"@id\":\"https:\\\/\\\/reginedatin.com\\\/#\\\/schema\\\/person\\\/b66ac0eb09a551897d6a6482ea860525\"},\"headline\":\"Villa Majorelle, int\u00e9rieur 2022\",\"datePublished\":\"2022-03-26T21:43:04+00:00\",\"dateModified\":\"2023-05-03T17:17:37+00:00\",\"mainEntityOfPage\":{\"@id\":\"https:\\\/\\\/reginedatin.com\\\/index.php\\\/2022\\\/03\\\/26\\\/villa-majorelle-interieur-2022\\\/\"},\"wordCount\":163,\"commentCount\":0,\"image\":{\"@id\":\"https:\\\/\\\/reginedatin.com\\\/index.php\\\/2022\\\/03\\\/26\\\/villa-majorelle-interieur-2022\\\/#primaryimage\"},\"thumbnailUrl\":\"https:\\\/\\\/reginedatin.com\\\/wp-content\\\/uploads\\\/2022\\\/03\\\/Villa-Majorelle-Cage-Escaliers-Lustre-Majorelle-Gruber-Daum-TR08-1400PX-2474.jpg\",\"articleSection\":[\"Mes pas me portent...\"],\"inLanguage\":\"fr-FR\",\"potentialAction\":[{\"@type\":\"CommentAction\",\"name\":\"Comment\",\"target\":[\"https:\\\/\\\/reginedatin.com\\\/index.php\\\/2022\\\/03\\\/26\\\/villa-majorelle-interieur-2022\\\/#respond\"]}]},{\"@type\":\"WebPage\",\"@id\":\"https:\\\/\\\/reginedatin.com\\\/index.php\\\/2022\\\/03\\\/26\\\/villa-majorelle-interieur-2022\\\/\",\"url\":\"https:\\\/\\\/reginedatin.com\\\/index.php\\\/2022\\\/03\\\/26\\\/villa-majorelle-interieur-2022\\\/\",\"name\":\"Villa Majorelle, int\u00e9rieur 2022 &#171; R\u00e9gine Datin Photographie\",\"isPartOf\":{\"@id\":\"https:\\\/\\\/reginedatin.com\\\/#website\"},\"primaryImageOfPage\":{\"@id\":\"https:\\\/\\\/reginedatin.com\\\/index.php\\\/2022\\\/03\\\/26\\\/villa-majorelle-interieur-2022\\\/#primaryimage\"},\"image\":{\"@id\":\"https:\\\/\\\/reginedatin.com\\\/index.php\\\/2022\\\/03\\\/26\\\/villa-majorelle-interieur-2022\\\/#primaryimage\"},\"thumbnailUrl\":\"https:\\\/\\\/reginedatin.com\\\/wp-content\\\/uploads\\\/2022\\\/03\\\/Villa-Majorelle-Cage-Escaliers-Lustre-Majorelle-Gruber-Daum-TR08-1400PX-2474.jpg\",\"datePublished\":\"2022-03-26T21:43:04+00:00\",\"dateModified\":\"2023-05-03T17:17:37+00:00\",\"author\":{\"@id\":\"https:\\\/\\\/reginedatin.com\\\/#\\\/schema\\\/person\\\/b66ac0eb09a551897d6a6482ea860525\"},\"breadcrumb\":{\"@id\":\"https:\\\/\\\/reginedatin.com\\\/index.php\\\/2022\\\/03\\\/26\\\/villa-majorelle-interieur-2022\\\/#breadcrumb\"},\"inLanguage\":\"fr-FR\",\"potentialAction\":[{\"@type\":\"ReadAction\",\"target\":[\"https:\\\/\\\/reginedatin.com\\\/index.php\\\/2022\\\/03\\\/26\\\/villa-majorelle-interieur-2022\\\/\"]}]},{\"@type\":\"ImageObject\",\"inLanguage\":\"fr-FR\",\"@id\":\"https:\\\/\\\/reginedatin.com\\\/index.php\\\/2022\\\/03\\\/26\\\/villa-majorelle-interieur-2022\\\/#primaryimage\",\"url\":\"https:\\\/\\\/reginedatin.com\\\/wp-content\\\/uploads\\\/2022\\\/03\\\/Villa-Majorelle-Cage-Escaliers-Lustre-Majorelle-Gruber-Daum-TR08-1400PX-2474.jpg\",\"contentUrl\":\"https:\\\/\\\/reginedatin.com\\\/wp-content\\\/uploads\\\/2022\\\/03\\\/Villa-Majorelle-Cage-Escaliers-Lustre-Majorelle-Gruber-Daum-TR08-1400PX-2474.jpg\",\"width\":1399,\"height\":934,\"caption\":\"Villa Majorelle, Nancy (Lustre Majorelle\\\/Gruber\\\/Daum)\"},{\"@type\":\"BreadcrumbList\",\"@id\":\"https:\\\/\\\/reginedatin.com\\\/index.php\\\/2022\\\/03\\\/26\\\/villa-majorelle-interieur-2022\\\/#breadcrumb\",\"itemListElement\":[{\"@type\":\"ListItem\",\"position\":1,\"name\":\"Accueil\",\"item\":\"https:\\\/\\\/reginedatin.com\\\/\"},{\"@type\":\"ListItem\",\"position\":2,\"name\":\"Villa Majorelle, int\u00e9rieur 2022\"}]},{\"@type\":\"WebSite\",\"@id\":\"https:\\\/\\\/reginedatin.com\\\/#website\",\"url\":\"https:\\\/\\\/reginedatin.com\\\/\",\"name\":\"R\u00e9gine Datin Photographie\",\"description\":\"Empreinte d&#039;une heure, d&#039;un jour...\",\"potentialAction\":[{\"@type\":\"SearchAction\",\"target\":{\"@type\":\"EntryPoint\",\"urlTemplate\":\"https:\\\/\\\/reginedatin.com\\\/?s={search_term_string}\"},\"query-input\":{\"@type\":\"PropertyValueSpecification\",\"valueRequired\":true,\"valueName\":\"search_term_string\"}}],\"inLanguage\":\"fr-FR\"},{\"@type\":\"Person\",\"@id\":\"https:\\\/\\\/reginedatin.com\\\/#\\\/schema\\\/person\\\/b66ac0eb09a551897d6a6482ea860525\",\"name\":\"R\u00e9gine\",\"image\":{\"@type\":\"ImageObject\",\"inLanguage\":\"fr-FR\",\"@id\":\"https:\\\/\\\/secure.gravatar.com\\\/avatar\\\/1b3cd8fdc6d62cf332d2525ea039d3251625565928435a5a8ca996605310310a?s=96&d=mm&r=g\",\"url\":\"https:\\\/\\\/secure.gravatar.com\\\/avatar\\\/1b3cd8fdc6d62cf332d2525ea039d3251625565928435a5a8ca996605310310a?s=96&d=mm&r=g\",\"contentUrl\":\"https:\\\/\\\/secure.gravatar.com\\\/avatar\\\/1b3cd8fdc6d62cf332d2525ea039d3251625565928435a5a8ca996605310310a?s=96&d=mm&r=g\",\"caption\":\"R\u00e9gine\"},\"sameAs\":[\"http:\\\/\\\/www.reginedatin.com\"]}]}<\/script>\n<!-- \/ Yoast SEO plugin. -->","yoast_head_json":{"title":"Villa Majorelle, int\u00e9rieur 2022 &#171; R\u00e9gine Datin Photographie","robots":{"index":"index","follow":"follow","max-snippet":"max-snippet:-1","max-image-preview":"max-image-preview:large","max-video-preview":"max-video-preview:-1"},"canonical":"https:\/\/reginedatin.com\/index.php\/2022\/03\/26\/villa-majorelle-interieur-2022\/","og_locale":"fr_FR","og_type":"article","og_title":"Villa Majorelle, int\u00e9rieur 2022 &#171; R\u00e9gine Datin Photographie","og_description":"Bienvenue chez Jane et Louis Majorelle Ils vous accueillent, enfin,\u00a0 apr\u00e8s une reconstitution fid\u00e8le des d\u00e9cors d\u2019origine dans leur c\u00e9l\u00e8bre maison \u00e9difi\u00e9e en 1901\/1902. La Villa Majorelle, jumel\u00e9e au Mus\u00e9e de l&rsquo;Ecole de Nancy, a r\u00e9ouvert ses portes, partiellement, au public mi f\u00e9vrier 2020, apr\u00e8s environ deux ann\u00e9es de travaux\u00a0 de restauration int\u00e9rieure. Je vous propose une rapide d\u00e9couverte des lieux en vid\u00e9o, histoire de vous donner une id\u00e9e&#8230; une envie, peut-\u00eatre, aussi d&rsquo;aller visiter ce superbe lieu, embl\u00e8me de [&hellip;]","og_url":"https:\/\/reginedatin.com\/index.php\/2022\/03\/26\/villa-majorelle-interieur-2022\/","og_site_name":"R\u00e9gine Datin Photographie","article_publisher":"https:\/\/www.facebook.com\/reginedatinphotographie\/","article_published_time":"2022-03-26T21:43:04+00:00","article_modified_time":"2023-05-03T17:17:37+00:00","og_image":[{"width":1399,"height":934,"url":"https:\/\/reginedatin.com\/wp-content\/uploads\/2022\/03\/Villa-Majorelle-Cage-Escaliers-Lustre-Majorelle-Gruber-Daum-TR08-1400PX-2474.jpg","type":"image\/jpeg"}],"author":"R\u00e9gine","twitter_card":"summary_large_image","twitter_misc":{"\u00c9crit par":"R\u00e9gine","Dur\u00e9e de lecture estim\u00e9e":"1 minute"},"schema":{"@context":"https:\/\/schema.org","@graph":[{"@type":"Article","@id":"https:\/\/reginedatin.com\/index.php\/2022\/03\/26\/villa-majorelle-interieur-2022\/#article","isPartOf":{"@id":"https:\/\/reginedatin.com\/index.php\/2022\/03\/26\/villa-majorelle-interieur-2022\/"},"author":{"name":"R\u00e9gine","@id":"https:\/\/reginedatin.com\/#\/schema\/person\/b66ac0eb09a551897d6a6482ea860525"},"headline":"Villa Majorelle, int\u00e9rieur 2022","datePublished":"2022-03-26T21:43:04+00:00","dateModified":"2023-05-03T17:17:37+00:00","mainEntityOfPage":{"@id":"https:\/\/reginedatin.com\/index.php\/2022\/03\/26\/villa-majorelle-interieur-2022\/"},"wordCount":163,"commentCount":0,"image":{"@id":"https:\/\/reginedatin.com\/index.php\/2022\/03\/26\/villa-majorelle-interieur-2022\/#primaryimage"},"thumbnailUrl":"https:\/\/reginedatin.com\/wp-content\/uploads\/2022\/03\/Villa-Majorelle-Cage-Escaliers-Lustre-Majorelle-Gruber-Daum-TR08-1400PX-2474.jpg","articleSection":["Mes pas me portent..."],"inLanguage":"fr-FR","potentialAction":[{"@type":"CommentAction","name":"Comment","target":["https:\/\/reginedatin.com\/index.php\/2022\/03\/26\/villa-majorelle-interieur-2022\/#respond"]}]},{"@type":"WebPage","@id":"https:\/\/reginedatin.com\/index.php\/2022\/03\/26\/villa-majorelle-interieur-2022\/","url":"https:\/\/reginedatin.com\/index.php\/2022\/03\/26\/villa-majorelle-interieur-2022\/","name":"Villa Majorelle, int\u00e9rieur 2022 &#171; R\u00e9gine Datin Photographie","isPartOf":{"@id":"https:\/\/reginedatin.com\/#website"},"primaryImageOfPage":{"@id":"https:\/\/reginedatin.com\/index.php\/2022\/03\/26\/villa-majorelle-interieur-2022\/#primaryimage"},"image":{"@id":"https:\/\/reginedatin.com\/index.php\/2022\/03\/26\/villa-majorelle-interieur-2022\/#primaryimage"},"thumbnailUrl":"https:\/\/reginedatin.com\/wp-content\/uploads\/2022\/03\/Villa-Majorelle-Cage-Escaliers-Lustre-Majorelle-Gruber-Daum-TR08-1400PX-2474.jpg","datePublished":"2022-03-26T21:43:04+00:00","dateModified":"2023-05-03T17:17:37+00:00","author":{"@id":"https:\/\/reginedatin.com\/#\/schema\/person\/b66ac0eb09a551897d6a6482ea860525"},"breadcrumb":{"@id":"https:\/\/reginedatin.com\/index.php\/2022\/03\/26\/villa-majorelle-interieur-2022\/#breadcrumb"},"inLanguage":"fr-FR","potentialAction":[{"@type":"ReadAction","target":["https:\/\/reginedatin.com\/index.php\/2022\/03\/26\/villa-majorelle-interieur-2022\/"]}]},{"@type":"ImageObject","inLanguage":"fr-FR","@id":"https:\/\/reginedatin.com\/index.php\/2022\/03\/26\/villa-majorelle-interieur-2022\/#primaryimage","url":"https:\/\/reginedatin.com\/wp-content\/uploads\/2022\/03\/Villa-Majorelle-Cage-Escaliers-Lustre-Majorelle-Gruber-Daum-TR08-1400PX-2474.jpg","contentUrl":"https:\/\/reginedatin.com\/wp-content\/uploads\/2022\/03\/Villa-Majorelle-Cage-Escaliers-Lustre-Majorelle-Gruber-Daum-TR08-1400PX-2474.jpg","width":1399,"height":934,"caption":"Villa Majorelle, Nancy (Lustre Majorelle\/Gruber\/Daum)"},{"@type":"BreadcrumbList","@id":"https:\/\/reginedatin.com\/index.php\/2022\/03\/26\/villa-majorelle-interieur-2022\/#breadcrumb","itemListElement":[{"@type":"ListItem","position":1,"name":"Accueil","item":"https:\/\/reginedatin.com\/"},{"@type":"ListItem","position":2,"name":"Villa Majorelle, int\u00e9rieur 2022"}]},{"@type":"WebSite","@id":"https:\/\/reginedatin.com\/#website","url":"https:\/\/reginedatin.com\/","name":"R\u00e9gine Datin Photographie","description":"Empreinte d&#039;une heure, d&#039;un jour...","potentialAction":[{"@type":"SearchAction","target":{"@type":"EntryPoint","urlTemplate":"https:\/\/reginedatin.com\/?s={search_term_string}"},"query-input":{"@type":"PropertyValueSpecification","valueRequired":true,"valueName":"search_term_string"}}],"inLanguage":"fr-FR"},{"@type":"Person","@id":"https:\/\/reginedatin.com\/#\/schema\/person\/b66ac0eb09a551897d6a6482ea860525","name":"R\u00e9gine","image":{"@type":"ImageObject","inLanguage":"fr-FR","@id":"https:\/\/secure.gravatar.com\/avatar\/1b3cd8fdc6d62cf332d2525ea039d3251625565928435a5a8ca996605310310a?s=96&d=mm&r=g","url":"https:\/\/secure.gravatar.com\/avatar\/1b3cd8fdc6d62cf332d2525ea039d3251625565928435a5a8ca996605310310a?s=96&d=mm&r=g","contentUrl":"https:\/\/secure.gravatar.com\/avatar\/1b3cd8fdc6d62cf332d2525ea039d3251625565928435a5a8ca996605310310a?s=96&d=mm&r=g","caption":"R\u00e9gine"},"sameAs":["http:\/\/www.reginedatin.com"]}]}},"_links":{"self":[{"href":"https:\/\/reginedatin.com\/index.php\/wp-json\/wp\/v2\/posts\/2485","targetHints":{"allow":["GET"]}}],"collection":[{"href":"https:\/\/reginedatin.com\/index.php\/wp-json\/wp\/v2\/posts"}],"about":[{"href":"https:\/\/reginedatin.com\/index.php\/wp-json\/wp\/v2\/types\/post"}],"author":[{"embeddable":true,"href":"https:\/\/reginedatin.com\/index.php\/wp-json\/wp\/v2\/users\/1"}],"replies":[{"embeddable":true,"href":"https:\/\/reginedatin.com\/index.php\/wp-json\/wp\/v2\/comments?post=2485"}],"version-history":[{"count":22,"href":"https:\/\/reginedatin.com\/index.php\/wp-json\/wp\/v2\/posts\/2485\/revisions"}],"predecessor-version":[{"id":2637,"href":"https:\/\/reginedatin.com\/index.php\/wp-json\/wp\/v2\/posts\/2485\/revisions\/2637"}],"wp:featuredmedia":[{"embeddable":true,"href":"https:\/\/reginedatin.com\/index.php\/wp-json\/wp\/v2\/media\/2486"}],"wp:attachment":[{"href":"https:\/\/reginedatin.com\/index.php\/wp-json\/wp\/v2\/media?parent=2485"}],"wp:term":[{"taxonomy":"category","embeddable":true,"href":"https:\/\/reginedatin.com\/index.php\/wp-json\/wp\/v2\/categories?post=2485"},{"taxonomy":"post_tag","embeddable":true,"href":"https:\/\/reginedatin.com\/index.php\/wp-json\/wp\/v2\/tags?post=2485"}],"curies":[{"name":"wp","href":"https:\/\/api.w.org\/{rel}","templated":true}]}}