{"id":2592,"date":"2023-03-26T18:18:09","date_gmt":"2023-03-26T16:18:09","guid":{"rendered":"http:\/\/reginedatin.com\/?p=2592"},"modified":"2023-04-24T16:25:41","modified_gmt":"2023-04-24T14:25:41","slug":"balade-decouverte-nancy-thermal-2023","status":"publish","type":"post","link":"https:\/\/reginedatin.com\/index.php\/2023\/03\/26\/balade-decouverte-nancy-thermal-2023\/","title":{"rendered":"Balade d\u00e9couverte Nancy Thermal 2023"},"content":{"rendered":"<p>Une balade du c\u00f4t\u00e9 \u00ab\u00a0Quartier Blandan\u00a0\u00bb \/ \u00ab\u00a0Parc Sainte Marie\u00a0\u00bb, avant l&rsquo;ouverture de l&rsquo;espace Aquasport du complexe aqualudique qu&rsquo;est le nouveau Nancy Thermal.<\/p>\n<p>Le retour au thermalisme \u00e0 Nancy va se faire en douceur, tout au long de cette ann\u00e9e 2023, et mettra \u00e0 l&rsquo;honneur le bien-\u00eatre et la sant\u00e9.<\/p>\n<p>Au cours de ce week-end d\u00e9couverte des 25 et 26 mars, les entr\u00e9es furent libres et les visiteurs tr\u00e8s nombreux !<\/p>\n<p>Un rapide retour en images, entre cr\u00e9ation et r\u00e9novation, sur cette nouvelle destination propos\u00e9e par le groupe ValViltal, promoteur du thermalisme fran\u00e7ais depuis plus de 30 ans&#8230;<\/p>\n<div style=\"width: 756px;\" class=\"wp-video\"><video class=\"wp-video-shortcode\" id=\"video-2592-1\" width=\"756\" height=\"425\" preload=\"metadata\" controls=\"controls\"><source type=\"video\/mp4\" src=\"https:\/\/reginedatin.com\/wp-content\/uploads\/2023\/03\/Nancy-Thermal-en-Fete-2023-MD.mp4?_=1\" \/><a href=\"https:\/\/reginedatin.com\/wp-content\/uploads\/2023\/03\/Nancy-Thermal-en-Fete-2023-MD.mp4\">https:\/\/reginedatin.com\/wp-content\/uploads\/2023\/03\/Nancy-Thermal-en-Fete-2023-MD.mp4<\/a><\/video><\/div>\n","protected":false},"excerpt":{"rendered":"<p>Une balade du c\u00f4t\u00e9 \u00ab\u00a0Quartier Blandan\u00a0\u00bb \/ \u00ab\u00a0Parc Sainte Marie\u00a0\u00bb, avant l&rsquo;ouverture de l&rsquo;espace Aquasport du complexe aqualudique qu&rsquo;est le nouveau Nancy Thermal. Le retour au thermalisme \u00e0 Nancy va se faire en douceur, tout au long de cette ann\u00e9e 2023, et mettra \u00e0 l&rsquo;honneur le bien-\u00eatre et la sant\u00e9. Au cours de ce week-end d\u00e9couverte des 25 et 26 mars, les entr\u00e9es furent libres et les visiteurs tr\u00e8s nombreux ! Un rapide retour en images, entre cr\u00e9ation et r\u00e9novation, [&hellip;]<\/p>\n","protected":false},"author":1,"featured_media":2614,"comment_status":"open","ping_status":"open","sticky":false,"template":"","format":"standard","meta":{"footnotes":""},"categories":[26],"tags":[],"class_list":["post-2592","post","type-post","status-publish","format-standard","has-post-thumbnail","hentry","category-actualites"],"yoast_head":"<!-- This site is optimized with the Yoast SEO plugin v27.5 - https:\/\/yoast.com\/product\/yoast-seo-wordpress\/ -->\n<title>Balade d\u00e9couverte Nancy Thermal 2023 &#171; R\u00e9gine Datin Photographie<\/title>\n<meta name=\"robots\" content=\"index, follow, max-snippet:-1, max-image-preview:large, max-video-preview:-1\" \/>\n<link rel=\"canonical\" href=\"https:\/\/reginedatin.com\/index.php\/2023\/03\/26\/balade-decouverte-nancy-thermal-2023\/\" \/>\n<meta property=\"og:locale\" content=\"fr_FR\" \/>\n<meta property=\"og:type\" content=\"article\" \/>\n<meta property=\"og:title\" content=\"Balade d\u00e9couverte Nancy Thermal 2023 &#171; R\u00e9gine Datin Photographie\" \/>\n<meta property=\"og:description\" content=\"Une balade du c\u00f4t\u00e9 \u00ab\u00a0Quartier Blandan\u00a0\u00bb \/ \u00ab\u00a0Parc Sainte Marie\u00a0\u00bb, avant l&rsquo;ouverture de l&rsquo;espace Aquasport du complexe aqualudique qu&rsquo;est le nouveau Nancy Thermal. Le retour au thermalisme \u00e0 Nancy va se faire en douceur, tout au long de cette ann\u00e9e 2023, et mettra \u00e0 l&rsquo;honneur le bien-\u00eatre et la sant\u00e9. Au cours de ce week-end d\u00e9couverte des 25 et 26 mars, les entr\u00e9es furent libres et les visiteurs tr\u00e8s nombreux ! Un rapide retour en images, entre cr\u00e9ation et r\u00e9novation, [&hellip;]\" \/>\n<meta property=\"og:url\" content=\"https:\/\/reginedatin.com\/index.php\/2023\/03\/26\/balade-decouverte-nancy-thermal-2023\/\" \/>\n<meta property=\"og:site_name\" content=\"R\u00e9gine Datin Photographie\" \/>\n<meta property=\"article:publisher\" content=\"https:\/\/www.facebook.com\/reginedatinphotographie\/\" \/>\n<meta property=\"article:published_time\" content=\"2023-03-26T16:18:09+00:00\" \/>\n<meta property=\"article:modified_time\" content=\"2023-04-24T14:25:41+00:00\" \/>\n<meta property=\"og:image\" content=\"https:\/\/reginedatin.com\/wp-content\/uploads\/2023\/03\/Nancy-Thermal-en-FeteEcole-Beaux-ArtsParc-Sainte-MarieNancy-Thermal-1400px-5398.jpg\" \/>\n\t<meta property=\"og:image:width\" content=\"2098\" \/>\n\t<meta property=\"og:image:height\" content=\"1400\" \/>\n\t<meta property=\"og:image:type\" content=\"image\/jpeg\" \/>\n<meta name=\"author\" content=\"R\u00e9gine\" \/>\n<meta name=\"twitter:card\" content=\"summary_large_image\" \/>\n<meta name=\"twitter:label1\" content=\"\u00c9crit par\" \/>\n\t<meta name=\"twitter:data1\" content=\"R\u00e9gine\" \/>\n\t<meta name=\"twitter:label2\" content=\"Dur\u00e9e de lecture estim\u00e9e\" \/>\n\t<meta name=\"twitter:data2\" content=\"1 minute\" \/>\n<script type=\"application\/ld+json\" class=\"yoast-schema-graph\">{\"@context\":\"https:\\\/\\\/schema.org\",\"@graph\":[{\"@type\":\"Article\",\"@id\":\"https:\\\/\\\/reginedatin.com\\\/index.php\\\/2023\\\/03\\\/26\\\/balade-decouverte-nancy-thermal-2023\\\/#article\",\"isPartOf\":{\"@id\":\"https:\\\/\\\/reginedatin.com\\\/index.php\\\/2023\\\/03\\\/26\\\/balade-decouverte-nancy-thermal-2023\\\/\"},\"author\":{\"name\":\"R\u00e9gine\",\"@id\":\"https:\\\/\\\/reginedatin.com\\\/#\\\/schema\\\/person\\\/b66ac0eb09a551897d6a6482ea860525\"},\"headline\":\"Balade d\u00e9couverte Nancy Thermal 2023\",\"datePublished\":\"2023-03-26T16:18:09+00:00\",\"dateModified\":\"2023-04-24T14:25:41+00:00\",\"mainEntityOfPage\":{\"@id\":\"https:\\\/\\\/reginedatin.com\\\/index.php\\\/2023\\\/03\\\/26\\\/balade-decouverte-nancy-thermal-2023\\\/\"},\"wordCount\":118,\"commentCount\":0,\"image\":{\"@id\":\"https:\\\/\\\/reginedatin.com\\\/index.php\\\/2023\\\/03\\\/26\\\/balade-decouverte-nancy-thermal-2023\\\/#primaryimage\"},\"thumbnailUrl\":\"https:\\\/\\\/reginedatin.com\\\/wp-content\\\/uploads\\\/2023\\\/03\\\/Nancy-Thermal-en-FeteEcole-Beaux-ArtsParc-Sainte-MarieNancy-Thermal-1400px-5398.jpg\",\"articleSection\":[\"Actualit\u00e9s\"],\"inLanguage\":\"fr-FR\",\"potentialAction\":[{\"@type\":\"CommentAction\",\"name\":\"Comment\",\"target\":[\"https:\\\/\\\/reginedatin.com\\\/index.php\\\/2023\\\/03\\\/26\\\/balade-decouverte-nancy-thermal-2023\\\/#respond\"]}]},{\"@type\":\"WebPage\",\"@id\":\"https:\\\/\\\/reginedatin.com\\\/index.php\\\/2023\\\/03\\\/26\\\/balade-decouverte-nancy-thermal-2023\\\/\",\"url\":\"https:\\\/\\\/reginedatin.com\\\/index.php\\\/2023\\\/03\\\/26\\\/balade-decouverte-nancy-thermal-2023\\\/\",\"name\":\"Balade d\u00e9couverte Nancy Thermal 2023 &#171; R\u00e9gine Datin Photographie\",\"isPartOf\":{\"@id\":\"https:\\\/\\\/reginedatin.com\\\/#website\"},\"primaryImageOfPage\":{\"@id\":\"https:\\\/\\\/reginedatin.com\\\/index.php\\\/2023\\\/03\\\/26\\\/balade-decouverte-nancy-thermal-2023\\\/#primaryimage\"},\"image\":{\"@id\":\"https:\\\/\\\/reginedatin.com\\\/index.php\\\/2023\\\/03\\\/26\\\/balade-decouverte-nancy-thermal-2023\\\/#primaryimage\"},\"thumbnailUrl\":\"https:\\\/\\\/reginedatin.com\\\/wp-content\\\/uploads\\\/2023\\\/03\\\/Nancy-Thermal-en-FeteEcole-Beaux-ArtsParc-Sainte-MarieNancy-Thermal-1400px-5398.jpg\",\"datePublished\":\"2023-03-26T16:18:09+00:00\",\"dateModified\":\"2023-04-24T14:25:41+00:00\",\"author\":{\"@id\":\"https:\\\/\\\/reginedatin.com\\\/#\\\/schema\\\/person\\\/b66ac0eb09a551897d6a6482ea860525\"},\"breadcrumb\":{\"@id\":\"https:\\\/\\\/reginedatin.com\\\/index.php\\\/2023\\\/03\\\/26\\\/balade-decouverte-nancy-thermal-2023\\\/#breadcrumb\"},\"inLanguage\":\"fr-FR\",\"potentialAction\":[{\"@type\":\"ReadAction\",\"target\":[\"https:\\\/\\\/reginedatin.com\\\/index.php\\\/2023\\\/03\\\/26\\\/balade-decouverte-nancy-thermal-2023\\\/\"]}]},{\"@type\":\"ImageObject\",\"inLanguage\":\"fr-FR\",\"@id\":\"https:\\\/\\\/reginedatin.com\\\/index.php\\\/2023\\\/03\\\/26\\\/balade-decouverte-nancy-thermal-2023\\\/#primaryimage\",\"url\":\"https:\\\/\\\/reginedatin.com\\\/wp-content\\\/uploads\\\/2023\\\/03\\\/Nancy-Thermal-en-FeteEcole-Beaux-ArtsParc-Sainte-MarieNancy-Thermal-1400px-5398.jpg\",\"contentUrl\":\"https:\\\/\\\/reginedatin.com\\\/wp-content\\\/uploads\\\/2023\\\/03\\\/Nancy-Thermal-en-FeteEcole-Beaux-ArtsParc-Sainte-MarieNancy-Thermal-1400px-5398.jpg\",\"width\":2098,\"height\":1400},{\"@type\":\"BreadcrumbList\",\"@id\":\"https:\\\/\\\/reginedatin.com\\\/index.php\\\/2023\\\/03\\\/26\\\/balade-decouverte-nancy-thermal-2023\\\/#breadcrumb\",\"itemListElement\":[{\"@type\":\"ListItem\",\"position\":1,\"name\":\"Accueil\",\"item\":\"https:\\\/\\\/reginedatin.com\\\/\"},{\"@type\":\"ListItem\",\"position\":2,\"name\":\"Balade d\u00e9couverte Nancy Thermal 2023\"}]},{\"@type\":\"WebSite\",\"@id\":\"https:\\\/\\\/reginedatin.com\\\/#website\",\"url\":\"https:\\\/\\\/reginedatin.com\\\/\",\"name\":\"R\u00e9gine Datin Photographie\",\"description\":\"Empreinte d&#039;une heure, d&#039;un jour...\",\"potentialAction\":[{\"@type\":\"SearchAction\",\"target\":{\"@type\":\"EntryPoint\",\"urlTemplate\":\"https:\\\/\\\/reginedatin.com\\\/?s={search_term_string}\"},\"query-input\":{\"@type\":\"PropertyValueSpecification\",\"valueRequired\":true,\"valueName\":\"search_term_string\"}}],\"inLanguage\":\"fr-FR\"},{\"@type\":\"Person\",\"@id\":\"https:\\\/\\\/reginedatin.com\\\/#\\\/schema\\\/person\\\/b66ac0eb09a551897d6a6482ea860525\",\"name\":\"R\u00e9gine\",\"image\":{\"@type\":\"ImageObject\",\"inLanguage\":\"fr-FR\",\"@id\":\"https:\\\/\\\/secure.gravatar.com\\\/avatar\\\/1b3cd8fdc6d62cf332d2525ea039d3251625565928435a5a8ca996605310310a?s=96&d=mm&r=g\",\"url\":\"https:\\\/\\\/secure.gravatar.com\\\/avatar\\\/1b3cd8fdc6d62cf332d2525ea039d3251625565928435a5a8ca996605310310a?s=96&d=mm&r=g\",\"contentUrl\":\"https:\\\/\\\/secure.gravatar.com\\\/avatar\\\/1b3cd8fdc6d62cf332d2525ea039d3251625565928435a5a8ca996605310310a?s=96&d=mm&r=g\",\"caption\":\"R\u00e9gine\"},\"sameAs\":[\"http:\\\/\\\/www.reginedatin.com\"]}]}<\/script>\n<!-- \/ Yoast SEO plugin. -->","yoast_head_json":{"title":"Balade d\u00e9couverte Nancy Thermal 2023 &#171; R\u00e9gine Datin Photographie","robots":{"index":"index","follow":"follow","max-snippet":"max-snippet:-1","max-image-preview":"max-image-preview:large","max-video-preview":"max-video-preview:-1"},"canonical":"https:\/\/reginedatin.com\/index.php\/2023\/03\/26\/balade-decouverte-nancy-thermal-2023\/","og_locale":"fr_FR","og_type":"article","og_title":"Balade d\u00e9couverte Nancy Thermal 2023 &#171; R\u00e9gine Datin Photographie","og_description":"Une balade du c\u00f4t\u00e9 \u00ab\u00a0Quartier Blandan\u00a0\u00bb \/ \u00ab\u00a0Parc Sainte Marie\u00a0\u00bb, avant l&rsquo;ouverture de l&rsquo;espace Aquasport du complexe aqualudique qu&rsquo;est le nouveau Nancy Thermal. Le retour au thermalisme \u00e0 Nancy va se faire en douceur, tout au long de cette ann\u00e9e 2023, et mettra \u00e0 l&rsquo;honneur le bien-\u00eatre et la sant\u00e9. Au cours de ce week-end d\u00e9couverte des 25 et 26 mars, les entr\u00e9es furent libres et les visiteurs tr\u00e8s nombreux ! Un rapide retour en images, entre cr\u00e9ation et r\u00e9novation, [&hellip;]","og_url":"https:\/\/reginedatin.com\/index.php\/2023\/03\/26\/balade-decouverte-nancy-thermal-2023\/","og_site_name":"R\u00e9gine Datin Photographie","article_publisher":"https:\/\/www.facebook.com\/reginedatinphotographie\/","article_published_time":"2023-03-26T16:18:09+00:00","article_modified_time":"2023-04-24T14:25:41+00:00","og_image":[{"width":2098,"height":1400,"url":"https:\/\/reginedatin.com\/wp-content\/uploads\/2023\/03\/Nancy-Thermal-en-FeteEcole-Beaux-ArtsParc-Sainte-MarieNancy-Thermal-1400px-5398.jpg","type":"image\/jpeg"}],"author":"R\u00e9gine","twitter_card":"summary_large_image","twitter_misc":{"\u00c9crit par":"R\u00e9gine","Dur\u00e9e de lecture estim\u00e9e":"1 minute"},"schema":{"@context":"https:\/\/schema.org","@graph":[{"@type":"Article","@id":"https:\/\/reginedatin.com\/index.php\/2023\/03\/26\/balade-decouverte-nancy-thermal-2023\/#article","isPartOf":{"@id":"https:\/\/reginedatin.com\/index.php\/2023\/03\/26\/balade-decouverte-nancy-thermal-2023\/"},"author":{"name":"R\u00e9gine","@id":"https:\/\/reginedatin.com\/#\/schema\/person\/b66ac0eb09a551897d6a6482ea860525"},"headline":"Balade d\u00e9couverte Nancy Thermal 2023","datePublished":"2023-03-26T16:18:09+00:00","dateModified":"2023-04-24T14:25:41+00:00","mainEntityOfPage":{"@id":"https:\/\/reginedatin.com\/index.php\/2023\/03\/26\/balade-decouverte-nancy-thermal-2023\/"},"wordCount":118,"commentCount":0,"image":{"@id":"https:\/\/reginedatin.com\/index.php\/2023\/03\/26\/balade-decouverte-nancy-thermal-2023\/#primaryimage"},"thumbnailUrl":"https:\/\/reginedatin.com\/wp-content\/uploads\/2023\/03\/Nancy-Thermal-en-FeteEcole-Beaux-ArtsParc-Sainte-MarieNancy-Thermal-1400px-5398.jpg","articleSection":["Actualit\u00e9s"],"inLanguage":"fr-FR","potentialAction":[{"@type":"CommentAction","name":"Comment","target":["https:\/\/reginedatin.com\/index.php\/2023\/03\/26\/balade-decouverte-nancy-thermal-2023\/#respond"]}]},{"@type":"WebPage","@id":"https:\/\/reginedatin.com\/index.php\/2023\/03\/26\/balade-decouverte-nancy-thermal-2023\/","url":"https:\/\/reginedatin.com\/index.php\/2023\/03\/26\/balade-decouverte-nancy-thermal-2023\/","name":"Balade d\u00e9couverte Nancy Thermal 2023 &#171; R\u00e9gine Datin Photographie","isPartOf":{"@id":"https:\/\/reginedatin.com\/#website"},"primaryImageOfPage":{"@id":"https:\/\/reginedatin.com\/index.php\/2023\/03\/26\/balade-decouverte-nancy-thermal-2023\/#primaryimage"},"image":{"@id":"https:\/\/reginedatin.com\/index.php\/2023\/03\/26\/balade-decouverte-nancy-thermal-2023\/#primaryimage"},"thumbnailUrl":"https:\/\/reginedatin.com\/wp-content\/uploads\/2023\/03\/Nancy-Thermal-en-FeteEcole-Beaux-ArtsParc-Sainte-MarieNancy-Thermal-1400px-5398.jpg","datePublished":"2023-03-26T16:18:09+00:00","dateModified":"2023-04-24T14:25:41+00:00","author":{"@id":"https:\/\/reginedatin.com\/#\/schema\/person\/b66ac0eb09a551897d6a6482ea860525"},"breadcrumb":{"@id":"https:\/\/reginedatin.com\/index.php\/2023\/03\/26\/balade-decouverte-nancy-thermal-2023\/#breadcrumb"},"inLanguage":"fr-FR","potentialAction":[{"@type":"ReadAction","target":["https:\/\/reginedatin.com\/index.php\/2023\/03\/26\/balade-decouverte-nancy-thermal-2023\/"]}]},{"@type":"ImageObject","inLanguage":"fr-FR","@id":"https:\/\/reginedatin.com\/index.php\/2023\/03\/26\/balade-decouverte-nancy-thermal-2023\/#primaryimage","url":"https:\/\/reginedatin.com\/wp-content\/uploads\/2023\/03\/Nancy-Thermal-en-FeteEcole-Beaux-ArtsParc-Sainte-MarieNancy-Thermal-1400px-5398.jpg","contentUrl":"https:\/\/reginedatin.com\/wp-content\/uploads\/2023\/03\/Nancy-Thermal-en-FeteEcole-Beaux-ArtsParc-Sainte-MarieNancy-Thermal-1400px-5398.jpg","width":2098,"height":1400},{"@type":"BreadcrumbList","@id":"https:\/\/reginedatin.com\/index.php\/2023\/03\/26\/balade-decouverte-nancy-thermal-2023\/#breadcrumb","itemListElement":[{"@type":"ListItem","position":1,"name":"Accueil","item":"https:\/\/reginedatin.com\/"},{"@type":"ListItem","position":2,"name":"Balade d\u00e9couverte Nancy Thermal 2023"}]},{"@type":"WebSite","@id":"https:\/\/reginedatin.com\/#website","url":"https:\/\/reginedatin.com\/","name":"R\u00e9gine Datin Photographie","description":"Empreinte d&#039;une heure, d&#039;un jour...","potentialAction":[{"@type":"SearchAction","target":{"@type":"EntryPoint","urlTemplate":"https:\/\/reginedatin.com\/?s={search_term_string}"},"query-input":{"@type":"PropertyValueSpecification","valueRequired":true,"valueName":"search_term_string"}}],"inLanguage":"fr-FR"},{"@type":"Person","@id":"https:\/\/reginedatin.com\/#\/schema\/person\/b66ac0eb09a551897d6a6482ea860525","name":"R\u00e9gine","image":{"@type":"ImageObject","inLanguage":"fr-FR","@id":"https:\/\/secure.gravatar.com\/avatar\/1b3cd8fdc6d62cf332d2525ea039d3251625565928435a5a8ca996605310310a?s=96&d=mm&r=g","url":"https:\/\/secure.gravatar.com\/avatar\/1b3cd8fdc6d62cf332d2525ea039d3251625565928435a5a8ca996605310310a?s=96&d=mm&r=g","contentUrl":"https:\/\/secure.gravatar.com\/avatar\/1b3cd8fdc6d62cf332d2525ea039d3251625565928435a5a8ca996605310310a?s=96&d=mm&r=g","caption":"R\u00e9gine"},"sameAs":["http:\/\/www.reginedatin.com"]}]}},"_links":{"self":[{"href":"https:\/\/reginedatin.com\/index.php\/wp-json\/wp\/v2\/posts\/2592","targetHints":{"allow":["GET"]}}],"collection":[{"href":"https:\/\/reginedatin.com\/index.php\/wp-json\/wp\/v2\/posts"}],"about":[{"href":"https:\/\/reginedatin.com\/index.php\/wp-json\/wp\/v2\/types\/post"}],"author":[{"embeddable":true,"href":"https:\/\/reginedatin.com\/index.php\/wp-json\/wp\/v2\/users\/1"}],"replies":[{"embeddable":true,"href":"https:\/\/reginedatin.com\/index.php\/wp-json\/wp\/v2\/comments?post=2592"}],"version-history":[{"count":15,"href":"https:\/\/reginedatin.com\/index.php\/wp-json\/wp\/v2\/posts\/2592\/revisions"}],"predecessor-version":[{"id":2629,"href":"https:\/\/reginedatin.com\/index.php\/wp-json\/wp\/v2\/posts\/2592\/revisions\/2629"}],"wp:featuredmedia":[{"embeddable":true,"href":"https:\/\/reginedatin.com\/index.php\/wp-json\/wp\/v2\/media\/2614"}],"wp:attachment":[{"href":"https:\/\/reginedatin.com\/index.php\/wp-json\/wp\/v2\/media?parent=2592"}],"wp:term":[{"taxonomy":"category","embeddable":true,"href":"https:\/\/reginedatin.com\/index.php\/wp-json\/wp\/v2\/categories?post=2592"},{"taxonomy":"post_tag","embeddable":true,"href":"https:\/\/reginedatin.com\/index.php\/wp-json\/wp\/v2\/tags?post=2592"}],"curies":[{"name":"wp","href":"https:\/\/api.w.org\/{rel}","templated":true}]}}