{"id":800,"date":"2016-10-05T19:56:27","date_gmt":"2016-10-05T17:56:27","guid":{"rendered":"http:\/\/reginedatin.com\/?p=800"},"modified":"2018-02-18T15:41:09","modified_gmt":"2018-02-18T13:41:09","slug":"jardin-ephemere-nancy-2016","status":"publish","type":"post","link":"https:\/\/reginedatin.com\/index.php\/2016\/10\/05\/jardin-ephemere-nancy-2016\/","title":{"rendered":"Jardin Eph\u00e9m\u00e8re, Nancy 2016"},"content":{"rendered":"<p>Cette ann\u00e9e, le jardin \u00e9ph\u00e9m\u00e8re a pour th\u00e8me : \u00ab\u00a0Stan, royal jardinier\u00a0\u00bb &#8211; et ceci, \u00e0 l&rsquo;occasion du 250\u00e8me anniversaire de la mort de Stanislas le bienfaisant et du rattachement de la Lorraine \u00e0 la France.<br \/>\nCette nouvelle configuration du jardin d\u00e9crit quinze sc\u00e8nes v\u00e9g\u00e9tales \u00e9voquant la personnalit\u00e9, les go\u00fbts et la destin\u00e9e du dernier duc de Lorraine et de Bar.<\/p>\n<p>Et, m\u00eame \u00e9ph\u00e9m\u00e8re, ce jardin n\u00e9cessite une attention et des soins particuliers, pour exister et nous enchanter, durant 1 mois sur le pav\u00e9 de la Place Stanislas.<\/p>\n<p>De l&rsquo;installation \u00e0 la fl\u00e2nerie&#8230;un petit tour sur une des plus belles place d&rsquo;Europe transform\u00e9e, de nouveau, en jardin extraordinaire !<\/p>\n<p>Encore une fois, j&rsquo;essaye d&rsquo;avoir un regard diff\u00e9rent sur les diff\u00e9rentes sc\u00e8nes en privil\u00e9giant leurs d\u00e9tails&#8230;&#8230;et c&rsquo;est un fait, j&rsquo;adooooore les d\u00e9tails ! \ud83d\ude00<\/p>\n","protected":false},"excerpt":{"rendered":"<p>Cette ann\u00e9e, le jardin \u00e9ph\u00e9m\u00e8re a pour th\u00e8me : \u00ab\u00a0Stan, royal jardinier\u00a0\u00bb &#8211; et ceci, \u00e0 l&rsquo;occasion du 250\u00e8me anniversaire de la mort de Stanislas le bienfaisant et du rattachement de la Lorraine \u00e0 la France. Cette nouvelle configuration du jardin d\u00e9crit quinze sc\u00e8nes v\u00e9g\u00e9tales \u00e9voquant la personnalit\u00e9, les go\u00fbts et la destin\u00e9e du dernier duc de Lorraine et de Bar. Et, m\u00eame \u00e9ph\u00e9m\u00e8re, ce jardin n\u00e9cessite une attention et des soins particuliers, pour exister et nous enchanter, durant 1 [&hellip;]<\/p>\n","protected":false},"author":1,"featured_media":0,"comment_status":"open","ping_status":"open","sticky":false,"template":"","format":"gallery","meta":{"footnotes":""},"categories":[26],"tags":[],"class_list":["post-800","post","type-post","status-publish","format-gallery","hentry","category-actualites","post_format-post-format-gallery"],"yoast_head":"<!-- This site is optimized with the Yoast SEO plugin v27.5 - https:\/\/yoast.com\/product\/yoast-seo-wordpress\/ -->\n<title>Jardin Eph\u00e9m\u00e8re, Nancy 2016 &#171; R\u00e9gine Datin Photographie<\/title>\n<meta name=\"robots\" content=\"index, follow, max-snippet:-1, max-image-preview:large, max-video-preview:-1\" \/>\n<link rel=\"canonical\" href=\"https:\/\/reginedatin.com\/index.php\/2016\/10\/05\/jardin-ephemere-nancy-2016\/\" \/>\n<meta property=\"og:locale\" content=\"fr_FR\" \/>\n<meta property=\"og:type\" content=\"article\" \/>\n<meta property=\"og:title\" content=\"Jardin Eph\u00e9m\u00e8re, Nancy 2016 &#171; R\u00e9gine Datin Photographie\" \/>\n<meta property=\"og:description\" content=\"Cette ann\u00e9e, le jardin \u00e9ph\u00e9m\u00e8re a pour th\u00e8me : \u00ab\u00a0Stan, royal jardinier\u00a0\u00bb &#8211; et ceci, \u00e0 l&rsquo;occasion du 250\u00e8me anniversaire de la mort de Stanislas le bienfaisant et du rattachement de la Lorraine \u00e0 la France. Cette nouvelle configuration du jardin d\u00e9crit quinze sc\u00e8nes v\u00e9g\u00e9tales \u00e9voquant la personnalit\u00e9, les go\u00fbts et la destin\u00e9e du dernier duc de Lorraine et de Bar. Et, m\u00eame \u00e9ph\u00e9m\u00e8re, ce jardin n\u00e9cessite une attention et des soins particuliers, pour exister et nous enchanter, durant 1 [&hellip;]\" \/>\n<meta property=\"og:url\" content=\"https:\/\/reginedatin.com\/index.php\/2016\/10\/05\/jardin-ephemere-nancy-2016\/\" \/>\n<meta property=\"og:site_name\" content=\"R\u00e9gine Datin Photographie\" \/>\n<meta property=\"article:publisher\" content=\"https:\/\/www.facebook.com\/reginedatinphotographie\/\" \/>\n<meta property=\"article:published_time\" content=\"2016-10-05T17:56:27+00:00\" \/>\n<meta property=\"article:modified_time\" content=\"2018-02-18T13:41:09+00:00\" \/>\n<meta name=\"author\" content=\"R\u00e9gine\" \/>\n<meta name=\"twitter:card\" content=\"summary_large_image\" \/>\n<meta name=\"twitter:label1\" content=\"\u00c9crit par\" \/>\n\t<meta name=\"twitter:data1\" content=\"R\u00e9gine\" \/>\n\t<meta name=\"twitter:label2\" content=\"Dur\u00e9e de lecture estim\u00e9e\" \/>\n\t<meta name=\"twitter:data2\" content=\"1 minute\" \/>\n<script type=\"application\/ld+json\" class=\"yoast-schema-graph\">{\"@context\":\"https:\\\/\\\/schema.org\",\"@graph\":[{\"@type\":\"Article\",\"@id\":\"https:\\\/\\\/reginedatin.com\\\/index.php\\\/2016\\\/10\\\/05\\\/jardin-ephemere-nancy-2016\\\/#article\",\"isPartOf\":{\"@id\":\"https:\\\/\\\/reginedatin.com\\\/index.php\\\/2016\\\/10\\\/05\\\/jardin-ephemere-nancy-2016\\\/\"},\"author\":{\"name\":\"R\u00e9gine\",\"@id\":\"https:\\\/\\\/reginedatin.com\\\/#\\\/schema\\\/person\\\/b66ac0eb09a551897d6a6482ea860525\"},\"headline\":\"Jardin Eph\u00e9m\u00e8re, Nancy 2016\",\"datePublished\":\"2016-10-05T17:56:27+00:00\",\"dateModified\":\"2018-02-18T13:41:09+00:00\",\"mainEntityOfPage\":{\"@id\":\"https:\\\/\\\/reginedatin.com\\\/index.php\\\/2016\\\/10\\\/05\\\/jardin-ephemere-nancy-2016\\\/\"},\"wordCount\":155,\"commentCount\":0,\"articleSection\":[\"Actualit\u00e9s\"],\"inLanguage\":\"fr-FR\",\"potentialAction\":[{\"@type\":\"CommentAction\",\"name\":\"Comment\",\"target\":[\"https:\\\/\\\/reginedatin.com\\\/index.php\\\/2016\\\/10\\\/05\\\/jardin-ephemere-nancy-2016\\\/#respond\"]}]},{\"@type\":\"WebPage\",\"@id\":\"https:\\\/\\\/reginedatin.com\\\/index.php\\\/2016\\\/10\\\/05\\\/jardin-ephemere-nancy-2016\\\/\",\"url\":\"https:\\\/\\\/reginedatin.com\\\/index.php\\\/2016\\\/10\\\/05\\\/jardin-ephemere-nancy-2016\\\/\",\"name\":\"Jardin Eph\u00e9m\u00e8re, Nancy 2016 &#171; R\u00e9gine Datin Photographie\",\"isPartOf\":{\"@id\":\"https:\\\/\\\/reginedatin.com\\\/#website\"},\"datePublished\":\"2016-10-05T17:56:27+00:00\",\"dateModified\":\"2018-02-18T13:41:09+00:00\",\"author\":{\"@id\":\"https:\\\/\\\/reginedatin.com\\\/#\\\/schema\\\/person\\\/b66ac0eb09a551897d6a6482ea860525\"},\"breadcrumb\":{\"@id\":\"https:\\\/\\\/reginedatin.com\\\/index.php\\\/2016\\\/10\\\/05\\\/jardin-ephemere-nancy-2016\\\/#breadcrumb\"},\"inLanguage\":\"fr-FR\",\"potentialAction\":[{\"@type\":\"ReadAction\",\"target\":[\"https:\\\/\\\/reginedatin.com\\\/index.php\\\/2016\\\/10\\\/05\\\/jardin-ephemere-nancy-2016\\\/\"]}]},{\"@type\":\"BreadcrumbList\",\"@id\":\"https:\\\/\\\/reginedatin.com\\\/index.php\\\/2016\\\/10\\\/05\\\/jardin-ephemere-nancy-2016\\\/#breadcrumb\",\"itemListElement\":[{\"@type\":\"ListItem\",\"position\":1,\"name\":\"Accueil\",\"item\":\"https:\\\/\\\/reginedatin.com\\\/\"},{\"@type\":\"ListItem\",\"position\":2,\"name\":\"Jardin Eph\u00e9m\u00e8re, Nancy 2016\"}]},{\"@type\":\"WebSite\",\"@id\":\"https:\\\/\\\/reginedatin.com\\\/#website\",\"url\":\"https:\\\/\\\/reginedatin.com\\\/\",\"name\":\"R\u00e9gine Datin Photographie\",\"description\":\"Empreinte d&#039;une heure, d&#039;un jour...\",\"potentialAction\":[{\"@type\":\"SearchAction\",\"target\":{\"@type\":\"EntryPoint\",\"urlTemplate\":\"https:\\\/\\\/reginedatin.com\\\/?s={search_term_string}\"},\"query-input\":{\"@type\":\"PropertyValueSpecification\",\"valueRequired\":true,\"valueName\":\"search_term_string\"}}],\"inLanguage\":\"fr-FR\"},{\"@type\":\"Person\",\"@id\":\"https:\\\/\\\/reginedatin.com\\\/#\\\/schema\\\/person\\\/b66ac0eb09a551897d6a6482ea860525\",\"name\":\"R\u00e9gine\",\"image\":{\"@type\":\"ImageObject\",\"inLanguage\":\"fr-FR\",\"@id\":\"https:\\\/\\\/secure.gravatar.com\\\/avatar\\\/1b3cd8fdc6d62cf332d2525ea039d3251625565928435a5a8ca996605310310a?s=96&d=mm&r=g\",\"url\":\"https:\\\/\\\/secure.gravatar.com\\\/avatar\\\/1b3cd8fdc6d62cf332d2525ea039d3251625565928435a5a8ca996605310310a?s=96&d=mm&r=g\",\"contentUrl\":\"https:\\\/\\\/secure.gravatar.com\\\/avatar\\\/1b3cd8fdc6d62cf332d2525ea039d3251625565928435a5a8ca996605310310a?s=96&d=mm&r=g\",\"caption\":\"R\u00e9gine\"},\"sameAs\":[\"http:\\\/\\\/www.reginedatin.com\"]}]}<\/script>\n<!-- \/ Yoast SEO plugin. -->","yoast_head_json":{"title":"Jardin Eph\u00e9m\u00e8re, Nancy 2016 &#171; R\u00e9gine Datin Photographie","robots":{"index":"index","follow":"follow","max-snippet":"max-snippet:-1","max-image-preview":"max-image-preview:large","max-video-preview":"max-video-preview:-1"},"canonical":"https:\/\/reginedatin.com\/index.php\/2016\/10\/05\/jardin-ephemere-nancy-2016\/","og_locale":"fr_FR","og_type":"article","og_title":"Jardin Eph\u00e9m\u00e8re, Nancy 2016 &#171; R\u00e9gine Datin Photographie","og_description":"Cette ann\u00e9e, le jardin \u00e9ph\u00e9m\u00e8re a pour th\u00e8me : \u00ab\u00a0Stan, royal jardinier\u00a0\u00bb &#8211; et ceci, \u00e0 l&rsquo;occasion du 250\u00e8me anniversaire de la mort de Stanislas le bienfaisant et du rattachement de la Lorraine \u00e0 la France. Cette nouvelle configuration du jardin d\u00e9crit quinze sc\u00e8nes v\u00e9g\u00e9tales \u00e9voquant la personnalit\u00e9, les go\u00fbts et la destin\u00e9e du dernier duc de Lorraine et de Bar. Et, m\u00eame \u00e9ph\u00e9m\u00e8re, ce jardin n\u00e9cessite une attention et des soins particuliers, pour exister et nous enchanter, durant 1 [&hellip;]","og_url":"https:\/\/reginedatin.com\/index.php\/2016\/10\/05\/jardin-ephemere-nancy-2016\/","og_site_name":"R\u00e9gine Datin Photographie","article_publisher":"https:\/\/www.facebook.com\/reginedatinphotographie\/","article_published_time":"2016-10-05T17:56:27+00:00","article_modified_time":"2018-02-18T13:41:09+00:00","author":"R\u00e9gine","twitter_card":"summary_large_image","twitter_misc":{"\u00c9crit par":"R\u00e9gine","Dur\u00e9e de lecture estim\u00e9e":"1 minute"},"schema":{"@context":"https:\/\/schema.org","@graph":[{"@type":"Article","@id":"https:\/\/reginedatin.com\/index.php\/2016\/10\/05\/jardin-ephemere-nancy-2016\/#article","isPartOf":{"@id":"https:\/\/reginedatin.com\/index.php\/2016\/10\/05\/jardin-ephemere-nancy-2016\/"},"author":{"name":"R\u00e9gine","@id":"https:\/\/reginedatin.com\/#\/schema\/person\/b66ac0eb09a551897d6a6482ea860525"},"headline":"Jardin Eph\u00e9m\u00e8re, Nancy 2016","datePublished":"2016-10-05T17:56:27+00:00","dateModified":"2018-02-18T13:41:09+00:00","mainEntityOfPage":{"@id":"https:\/\/reginedatin.com\/index.php\/2016\/10\/05\/jardin-ephemere-nancy-2016\/"},"wordCount":155,"commentCount":0,"articleSection":["Actualit\u00e9s"],"inLanguage":"fr-FR","potentialAction":[{"@type":"CommentAction","name":"Comment","target":["https:\/\/reginedatin.com\/index.php\/2016\/10\/05\/jardin-ephemere-nancy-2016\/#respond"]}]},{"@type":"WebPage","@id":"https:\/\/reginedatin.com\/index.php\/2016\/10\/05\/jardin-ephemere-nancy-2016\/","url":"https:\/\/reginedatin.com\/index.php\/2016\/10\/05\/jardin-ephemere-nancy-2016\/","name":"Jardin Eph\u00e9m\u00e8re, Nancy 2016 &#171; R\u00e9gine Datin Photographie","isPartOf":{"@id":"https:\/\/reginedatin.com\/#website"},"datePublished":"2016-10-05T17:56:27+00:00","dateModified":"2018-02-18T13:41:09+00:00","author":{"@id":"https:\/\/reginedatin.com\/#\/schema\/person\/b66ac0eb09a551897d6a6482ea860525"},"breadcrumb":{"@id":"https:\/\/reginedatin.com\/index.php\/2016\/10\/05\/jardin-ephemere-nancy-2016\/#breadcrumb"},"inLanguage":"fr-FR","potentialAction":[{"@type":"ReadAction","target":["https:\/\/reginedatin.com\/index.php\/2016\/10\/05\/jardin-ephemere-nancy-2016\/"]}]},{"@type":"BreadcrumbList","@id":"https:\/\/reginedatin.com\/index.php\/2016\/10\/05\/jardin-ephemere-nancy-2016\/#breadcrumb","itemListElement":[{"@type":"ListItem","position":1,"name":"Accueil","item":"https:\/\/reginedatin.com\/"},{"@type":"ListItem","position":2,"name":"Jardin Eph\u00e9m\u00e8re, Nancy 2016"}]},{"@type":"WebSite","@id":"https:\/\/reginedatin.com\/#website","url":"https:\/\/reginedatin.com\/","name":"R\u00e9gine Datin Photographie","description":"Empreinte d&#039;une heure, d&#039;un jour...","potentialAction":[{"@type":"SearchAction","target":{"@type":"EntryPoint","urlTemplate":"https:\/\/reginedatin.com\/?s={search_term_string}"},"query-input":{"@type":"PropertyValueSpecification","valueRequired":true,"valueName":"search_term_string"}}],"inLanguage":"fr-FR"},{"@type":"Person","@id":"https:\/\/reginedatin.com\/#\/schema\/person\/b66ac0eb09a551897d6a6482ea860525","name":"R\u00e9gine","image":{"@type":"ImageObject","inLanguage":"fr-FR","@id":"https:\/\/secure.gravatar.com\/avatar\/1b3cd8fdc6d62cf332d2525ea039d3251625565928435a5a8ca996605310310a?s=96&d=mm&r=g","url":"https:\/\/secure.gravatar.com\/avatar\/1b3cd8fdc6d62cf332d2525ea039d3251625565928435a5a8ca996605310310a?s=96&d=mm&r=g","contentUrl":"https:\/\/secure.gravatar.com\/avatar\/1b3cd8fdc6d62cf332d2525ea039d3251625565928435a5a8ca996605310310a?s=96&d=mm&r=g","caption":"R\u00e9gine"},"sameAs":["http:\/\/www.reginedatin.com"]}]}},"_links":{"self":[{"href":"https:\/\/reginedatin.com\/index.php\/wp-json\/wp\/v2\/posts\/800","targetHints":{"allow":["GET"]}}],"collection":[{"href":"https:\/\/reginedatin.com\/index.php\/wp-json\/wp\/v2\/posts"}],"about":[{"href":"https:\/\/reginedatin.com\/index.php\/wp-json\/wp\/v2\/types\/post"}],"author":[{"embeddable":true,"href":"https:\/\/reginedatin.com\/index.php\/wp-json\/wp\/v2\/users\/1"}],"replies":[{"embeddable":true,"href":"https:\/\/reginedatin.com\/index.php\/wp-json\/wp\/v2\/comments?post=800"}],"version-history":[{"count":6,"href":"https:\/\/reginedatin.com\/index.php\/wp-json\/wp\/v2\/posts\/800\/revisions"}],"predecessor-version":[{"id":828,"href":"https:\/\/reginedatin.com\/index.php\/wp-json\/wp\/v2\/posts\/800\/revisions\/828"}],"wp:attachment":[{"href":"https:\/\/reginedatin.com\/index.php\/wp-json\/wp\/v2\/media?parent=800"}],"wp:term":[{"taxonomy":"category","embeddable":true,"href":"https:\/\/reginedatin.com\/index.php\/wp-json\/wp\/v2\/categories?post=800"},{"taxonomy":"post_tag","embeddable":true,"href":"https:\/\/reginedatin.com\/index.php\/wp-json\/wp\/v2\/tags?post=800"}],"curies":[{"name":"wp","href":"https:\/\/api.w.org\/{rel}","templated":true}]}}